{"id":215863,"date":"2025-07-04T20:07:01","date_gmt":"2025-07-04T23:07:01","guid":{"rendered":"https:\/\/corrientesdetarde.com\/?p=215863"},"modified":"2025-07-04T20:07:04","modified_gmt":"2025-07-04T23:07:04","slug":"convocatoria-a-audiciones-para-integrar-la-orquesta-sinfonica-de-corrientes","status":"publish","type":"post","link":"https:\/\/corrientesdetarde.com\/index.php\/cultura\/convocatoria-a-audiciones-para-integrar-la-orquesta-sinfonica-de-corrientes\/","title":{"rendered":"Convocatoria a audiciones para integrar la Orquesta Sinf\u00f3nica de Corrientes"},"content":{"rendered":"\n<p>La Orquesta Sinf\u00f3nica de la Provincia de Corrientes, dependiente del Instituto de Cultura de la Provincia, convoca a audiciones para instrumentista de viola. Esta instancia busca incorporar profesionales con destacadas aptitudes musicales a su planta funcional. Los interesados deber\u00e1n ser mayores de 18 a\u00f1os y poseer la preparaci\u00f3n necesaria para integrar una formaci\u00f3n de alto nivel.<\/p>\n\n\n\n<p>Las audiciones se realizar\u00e1n para cubrir un puesto de instrumentista de viola, pero la directora Andrea Fusco adelant\u00f3 que es posible que surjan m\u00e1s vacantes. La idea es conformar un orden de m\u00e9rito con los postulantes m\u00e1s aptos.<\/p>\n\n\n\n<p><strong>Detalles de la convocatoria<\/strong><\/p>\n\n\n\n<p>La inscripci\u00f3n est\u00e1 abierta y se extender\u00e1 hasta el viernes 1 de agosto de 2025. Los interesados deber\u00e1n solicitar la planilla al contacto: 3794 714697, y enviar la documentaci\u00f3n solicitada al correo:&nbsp;<a href=\"mailto:audicionsinfonicadectes@gmail.com\" target=\"_blank\" rel=\"noreferrer noopener\">audicionsinfonicadectes@gmail.com<\/a>.<\/p>\n\n\n\n<p>Para conocer los t\u00e9rminos y condiciones de la convocatoria, se debe escanear el QR presente en la placa informativa.<\/p>\n\n\n\n<p>Los requisitos para participar de la audici\u00f3n son: ser mayor de 18 a\u00f1os y presentarte el d\u00eda de la audici\u00f3n con su instrumento.<\/p>\n\n\n\n<p><strong>\u00bfQu\u00e9 se evaluar\u00e1?<\/strong><\/p>\n\n\n\n<p>Se valorar\u00e1 el nivel art\u00edstico y la experiencia profesional acorde al puesto. La audici\u00f3n incluir\u00e1 la evaluaci\u00f3n de lectura musical, afinaci\u00f3n, regularidad y justeza r\u00edtmica, y control del arco, entre otros aspectos t\u00e9cnicos y musicales fundamentales.<\/p>\n\n\n\n<p><strong>Fecha y lugar de la audici\u00f3n<\/strong><\/p>\n\n\n\n<p>La prueba de oposici\u00f3n y evaluaci\u00f3n de m\u00e9ritos se llevar\u00e1 a cabo el martes 5 de agosto de 2025, a las 9:30 horas, en el Museo de Ciencias Naturales &#8220;Amado Bonpland&#8221; (Av. Costanera General San Mart\u00edn 100).<\/p>\n\n\n\n<p>Ante cualquier duda, comunicarse al 3794 714697 o acercarse los d\u00edas de ensayo de la Orquesta en el Museo Bonpland.<\/p>\n\n\n\n<figure class=\"wp-block-image size-full\"><img loading=\"lazy\" decoding=\"async\" width=\"720\" height=\"903\" src=\"https:\/\/corrientesdetarde.com\/wp-content\/uploads\/2025\/07\/image-127.png\" alt=\"\" class=\"wp-image-215864\" srcset=\"https:\/\/corrientesdetarde.com\/wp-content\/uploads\/2025\/07\/image-127.png 720w, https:\/\/corrientesdetarde.com\/wp-content\/uploads\/2025\/07\/image-127-239x300.png 239w\" sizes=\"auto, (max-width: 720px) 100vw, 720px\" \/><\/figure>\n","protected":false},"excerpt":{"rendered":"<p>La Orquesta Sinf\u00f3nica de la Provincia de Corrientes, dependiente del Instituto de Cultura de la Provincia, convoca a audiciones para instrumentista de viola. Esta instancia busca incorporar profesionales con destacadas&hellip; <\/p>\n","protected":false},"author":4,"featured_media":215865,"comment_status":"closed","ping_status":"open","sticky":false,"template":"","format":"standard","meta":{"footnotes":""},"categories":[15],"tags":[],"class_list":["post-215863","post","type-post","status-publish","format-standard","has-post-thumbnail","hentry","category-cultura"],"_links":{"self":[{"href":"https:\/\/corrientesdetarde.com\/index.php\/wp-json\/wp\/v2\/posts\/215863","targetHints":{"allow":["GET"]}}],"collection":[{"href":"https:\/\/corrientesdetarde.com\/index.php\/wp-json\/wp\/v2\/posts"}],"about":[{"href":"https:\/\/corrientesdetarde.com\/index.php\/wp-json\/wp\/v2\/types\/post"}],"author":[{"embeddable":true,"href":"https:\/\/corrientesdetarde.com\/index.php\/wp-json\/wp\/v2\/users\/4"}],"replies":[{"embeddable":true,"href":"https:\/\/corrientesdetarde.com\/index.php\/wp-json\/wp\/v2\/comments?post=215863"}],"version-history":[{"count":1,"href":"https:\/\/corrientesdetarde.com\/index.php\/wp-json\/wp\/v2\/posts\/215863\/revisions"}],"predecessor-version":[{"id":215866,"href":"https:\/\/corrientesdetarde.com\/index.php\/wp-json\/wp\/v2\/posts\/215863\/revisions\/215866"}],"wp:featuredmedia":[{"embeddable":true,"href":"https:\/\/corrientesdetarde.com\/index.php\/wp-json\/wp\/v2\/media\/215865"}],"wp:attachment":[{"href":"https:\/\/corrientesdetarde.com\/index.php\/wp-json\/wp\/v2\/media?parent=215863"}],"wp:term":[{"taxonomy":"category","embeddable":true,"href":"https:\/\/corrientesdetarde.com\/index.php\/wp-json\/wp\/v2\/categories?post=215863"},{"taxonomy":"post_tag","embeddable":true,"href":"https:\/\/corrientesdetarde.com\/index.php\/wp-json\/wp\/v2\/tags?post=215863"}],"curies":[{"name":"wp","href":"https:\/\/api.w.org\/{rel}","templated":true}]}}