{"id":215945,"date":"2025-07-05T10:00:00","date_gmt":"2025-07-05T13:00:00","guid":{"rendered":"https:\/\/corrientesdetarde.com\/?p=215945"},"modified":"2025-07-05T09:30:48","modified_gmt":"2025-07-05T12:30:48","slug":"accidente-fatal-entre-una-camioneta-y-una-moto","status":"publish","type":"post","link":"https:\/\/corrientesdetarde.com\/index.php\/policiales\/accidente-fatal-entre-una-camioneta-y-una-moto\/","title":{"rendered":"Accidente fatal entre una camioneta y una moto."},"content":{"rendered":"\n<h2 class=\"wp-block-heading\">El siniestro de tr\u00e1nsito ocurri\u00f3 sobre la Ruta Provincial 120 y el conductor del veh\u00edculo de menor porte perdi\u00f3 la vida en el instante. Ten\u00eda 30 a\u00f1os.<\/h2>\n\n\n\n<p>El choque frontal entre una camioneta y una motocicleta provoc\u00f3 la muerte en el acto de un hombre en el departamento correntino de Ituzaing\u00f3. La v\u00edctima result\u00f3 con m\u00faltiples heridas, precisaron fuentes policiales.<\/p>\n\n\n\n<p>La tragedia sucedi\u00f3 el jueves a la tarde, sobre la Ruta Provincial 120, kil\u00f3metro 33, pr\u00f3ximo al puente que atraviesa el r\u00edo Aguapey.<\/p>\n\n\n\n<p>Autoridades de la Comisar\u00eda Seccional Segunda supieron del siniestro fatal cerca de las 17:30 y salieron de urgencia junto a personal sanitario en una ambulancia.<\/p>\n\n\n\n<p>Una vez en el lugar, encontraron a la persona fallecida e identificada con el apellido Luchessi, de 30 a\u00f1os.<\/p>\n\n\n\n<p>Luchessi conduc\u00eda una motocicleta Guerrero GC 125 azul, la cual result\u00f3 destrozada a causa del impacto con una camioneta Nissan Frontier.<\/p>\n\n\n\n<p>Las fuentes indicaron que la pick up era manejada por un hombre de 29 a\u00f1os, quien result\u00f3 ileso.<\/p>\n\n\n\n<p>Los da\u00f1os en el frente del veh\u00edculo de mayor porte son elocuentes y evidencia lo fuerte de la colisi\u00f3n.<\/p>\n\n\n\n<p>La camioneta perteneciente a una empresa de construcci\u00f3n despist\u00f3 luego del choque hasta quedar a un costado de la carretera, con desprendimiento del paragolpes, rotura del tren delantero, abolladuras en el cap\u00f3 y quiebre del parabrisas.<\/p>\n\n\n\n<p>La Unidad Fiscal de Investigaciones Concretas de Ituzaing\u00f3 dio directivas para realizar todas las pericias necesarias, traslado del cuerpo del hombre fallecido para el estudio m\u00e9dico forense y el inicio de una causa caratulada como supuesto homicidio culposo en accidente de tr\u00e1nsito.<\/p>\n\n\n\n<p>Igual d\u00eda un joven muri\u00f3 en ruta nacional 119 cerca de uno de los accesos a la ciudad correntina de Curuz\u00fa Cuati\u00e1. La motocicleta Honda 250 que conduc\u00eda impact\u00f3 con un cami\u00f3n semirremolque que transportaba miel desde la provincia de Chaco hacia Buenos Aires.<\/p>\n\n\n\n<p>La fatalidad fue registrada algunos minutos antes de las 16, en el kil\u00f3metro 35, y tuvo como v\u00edctima a Gian Franco Mar\u00edn, de 21 a\u00f1os.<\/p>\n\n\n\n<p>Suman 82 las personas fallecidas como consecuencia de siniestros viales en todo el territorio correntino durante el a\u00f1o en curso.<\/p>\n","protected":false},"excerpt":{"rendered":"<p>El siniestro de tr\u00e1nsito ocurri\u00f3 sobre la Ruta Provincial 120 y el conductor del veh\u00edculo de menor porte perdi\u00f3 la vida en el instante. Ten\u00eda 30 a\u00f1os. El choque frontal&hellip; <\/p>\n","protected":false},"author":6,"featured_media":215946,"comment_status":"closed","ping_status":"open","sticky":false,"template":"","format":"standard","meta":{"footnotes":""},"categories":[33],"tags":[],"class_list":["post-215945","post","type-post","status-publish","format-standard","has-post-thumbnail","hentry","category-policiales"],"_links":{"self":[{"href":"https:\/\/corrientesdetarde.com\/index.php\/wp-json\/wp\/v2\/posts\/215945","targetHints":{"allow":["GET"]}}],"collection":[{"href":"https:\/\/corrientesdetarde.com\/index.php\/wp-json\/wp\/v2\/posts"}],"about":[{"href":"https:\/\/corrientesdetarde.com\/index.php\/wp-json\/wp\/v2\/types\/post"}],"author":[{"embeddable":true,"href":"https:\/\/corrientesdetarde.com\/index.php\/wp-json\/wp\/v2\/users\/6"}],"replies":[{"embeddable":true,"href":"https:\/\/corrientesdetarde.com\/index.php\/wp-json\/wp\/v2\/comments?post=215945"}],"version-history":[{"count":1,"href":"https:\/\/corrientesdetarde.com\/index.php\/wp-json\/wp\/v2\/posts\/215945\/revisions"}],"predecessor-version":[{"id":215949,"href":"https:\/\/corrientesdetarde.com\/index.php\/wp-json\/wp\/v2\/posts\/215945\/revisions\/215949"}],"wp:featuredmedia":[{"embeddable":true,"href":"https:\/\/corrientesdetarde.com\/index.php\/wp-json\/wp\/v2\/media\/215946"}],"wp:attachment":[{"href":"https:\/\/corrientesdetarde.com\/index.php\/wp-json\/wp\/v2\/media?parent=215945"}],"wp:term":[{"taxonomy":"category","embeddable":true,"href":"https:\/\/corrientesdetarde.com\/index.php\/wp-json\/wp\/v2\/categories?post=215945"},{"taxonomy":"post_tag","embeddable":true,"href":"https:\/\/corrientesdetarde.com\/index.php\/wp-json\/wp\/v2\/tags?post=215945"}],"curies":[{"name":"wp","href":"https:\/\/api.w.org\/{rel}","templated":true}]}}