{"id":215971,"date":"2025-07-05T11:40:00","date_gmt":"2025-07-05T14:40:00","guid":{"rendered":"https:\/\/corrientesdetarde.com\/?p=215971"},"modified":"2025-07-05T10:34:42","modified_gmt":"2025-07-05T13:34:42","slug":"diversas-actividades-en-la-ciudad-para-disfrutar-el-fin-de-semana","status":"publish","type":"post","link":"https:\/\/corrientesdetarde.com\/index.php\/eventos\/diversas-actividades-en-la-ciudad-para-disfrutar-el-fin-de-semana\/","title":{"rendered":"Diversas actividades en la ciudad para disfrutar el fin de semana."},"content":{"rendered":"\n<h2 class=\"wp-block-heading\">Desde el viernes y hasta el domingo, la Municipalidad de Corrientes ofrecer\u00e1 diferentes alternativas culturales y recreativas para disfrutar al aire libre y de manera gratuita. Habr\u00e1 clases de yoga, visitas guiadas, Corrientes Gin y paseo gastron\u00f3mico, adem\u00e1s de la tradicional Pe\u00f1a de la Ciudad.<\/h2>\n\n\n\n<p>La Municipalidad de Corrientes organiz\u00f3 una variada agenda de actividades que se desarrollar\u00e1 desde el viernes al domingo. En diferentes puntos de la ciudad se podr\u00e1 disfrutar de la pe\u00f1a chamamecera, ferias de artesanos y emprendedores locales, recorridos pedestres, clases de yoga, Corrientes Gin, entre otras propuestas para vecinos y visitantes. Al realizarse en espacios al aire libre, est\u00e1n sujetas a las inclemencias del tiempo.<\/p>\n\n\n\n<p>El viernes, la tradicional Feria de Artesanos tendr\u00e1 lugar, de 9 a 22, en la plaza Cabral, como siempre con una amplia variedad de creaciones \u00fanicas y productos locales. Mientras que el s\u00e1bado y domingo, en el mismo horario, se trasladar\u00e1 a Costanera Sur y Las Heras, brindando una oportunidad para disfrutar del paseo junto al r\u00edo y descubrir piezas \u00fanicas realizadas por emprendedores locales. Se podr\u00e1n adquirir productos en cuero, madera, tejido, dulces regionales, comidas t\u00edpicas y floricultura.<\/p>\n\n\n\n<p><strong>YOGA Y GIN<\/strong><\/p>\n\n\n\n<p>El s\u00e1bado la Municipalidad realizar\u00e1 &#8220;Yogaland&#8221;, una clase de yoga, reiki, meditaci\u00f3n, tai chi y feria de emprendedores hol\u00edsticos en el parque Camb\u00e1 Cu\u00e1, en la zona del pilet\u00f3n, desde las 15.<\/p>\n\n\n\n<p>Ese mismo d\u00eda, pero de 18 a 20, se llevar\u00e1 adelante el circuito tur\u00edstico &#8220;Descubr\u00ed Corrientes&#8221;, con un recorrido guiado por la plaza 25 de Mayo y sus alrededores. El punto de encuentro ser\u00e1 el Monumento al Gral. San Mart\u00edn.<\/p>\n\n\n\n<p>Entre tanto, a partir de las 19, se realizar\u00e1 el Corrientes Gin con Djs en vivo, gins, cervezas artesanales y patio gastron\u00f3mico. El evento ser\u00e1 en el &#8220;Paseo de Los Municipales&#8221; de Punta Tacuara.<\/p>\n\n\n\n<p><strong>RECORRIDO Y PE\u00d1A<\/strong><\/p>\n\n\n\n<p>El domingo se realizar\u00e1 un segundo recorrido en el marco del programa &#8220;Descubr\u00ed Corrientes&#8221;. En este caso, con una visita guiada al cementerio San Juan Bautista, de 18 a 20. La Municipalidad dispondr\u00e1 de un colectivo, con salida desde la iglesia Catedral a las 17.30 (puntual).<\/p>\n\n\n\n<p>Por \u00faltimo, la Pe\u00f1a Oficial de la Ciudad tendr\u00e1 lugar en la Rotonda Plaza Espa\u00f1a (Av. Pujol y Carlos Pellegrini), desde las 17. Se subir\u00e1n al escenario el elenco municipal Ra\u00edz Chamamecera, Cacho Esp\u00edndola, Orlando R\u00edos y su Herencia Correntina, Los Hermanos Vel\u00e1zquez, Los Puros del Chamam\u00e9 y Ariel Gauna y su nueva propuesta.<\/p>\n","protected":false},"excerpt":{"rendered":"<p>Desde el viernes y hasta el domingo, la Municipalidad de Corrientes ofrecer\u00e1 diferentes alternativas culturales y recreativas para disfrutar al aire libre y de manera gratuita. Habr\u00e1 clases de yoga,&hellip; <\/p>\n","protected":false},"author":6,"featured_media":215978,"comment_status":"closed","ping_status":"open","sticky":false,"template":"","format":"standard","meta":{"footnotes":""},"categories":[22],"tags":[],"class_list":["post-215971","post","type-post","status-publish","format-standard","has-post-thumbnail","hentry","category-eventos"],"_links":{"self":[{"href":"https:\/\/corrientesdetarde.com\/index.php\/wp-json\/wp\/v2\/posts\/215971","targetHints":{"allow":["GET"]}}],"collection":[{"href":"https:\/\/corrientesdetarde.com\/index.php\/wp-json\/wp\/v2\/posts"}],"about":[{"href":"https:\/\/corrientesdetarde.com\/index.php\/wp-json\/wp\/v2\/types\/post"}],"author":[{"embeddable":true,"href":"https:\/\/corrientesdetarde.com\/index.php\/wp-json\/wp\/v2\/users\/6"}],"replies":[{"embeddable":true,"href":"https:\/\/corrientesdetarde.com\/index.php\/wp-json\/wp\/v2\/comments?post=215971"}],"version-history":[{"count":1,"href":"https:\/\/corrientesdetarde.com\/index.php\/wp-json\/wp\/v2\/posts\/215971\/revisions"}],"predecessor-version":[{"id":215979,"href":"https:\/\/corrientesdetarde.com\/index.php\/wp-json\/wp\/v2\/posts\/215971\/revisions\/215979"}],"wp:featuredmedia":[{"embeddable":true,"href":"https:\/\/corrientesdetarde.com\/index.php\/wp-json\/wp\/v2\/media\/215978"}],"wp:attachment":[{"href":"https:\/\/corrientesdetarde.com\/index.php\/wp-json\/wp\/v2\/media?parent=215971"}],"wp:term":[{"taxonomy":"category","embeddable":true,"href":"https:\/\/corrientesdetarde.com\/index.php\/wp-json\/wp\/v2\/categories?post=215971"},{"taxonomy":"post_tag","embeddable":true,"href":"https:\/\/corrientesdetarde.com\/index.php\/wp-json\/wp\/v2\/tags?post=215971"}],"curies":[{"name":"wp","href":"https:\/\/api.w.org\/{rel}","templated":true}]}}