{"id":216014,"date":"2025-07-05T14:34:30","date_gmt":"2025-07-05T17:34:30","guid":{"rendered":"https:\/\/corrientesdetarde.com\/?p=216014"},"modified":"2025-07-05T14:34:34","modified_gmt":"2025-07-05T17:34:34","slug":"la-15a-feria-del-libro-tendra-propuestas-para-todas-las-edades","status":"publish","type":"post","link":"https:\/\/corrientesdetarde.com\/index.php\/eventos\/la-15a-feria-del-libro-tendra-propuestas-para-todas-las-edades\/","title":{"rendered":"La 15\u00aa Feria del Libro tendr\u00e1 propuestas para todas las edades"},"content":{"rendered":"\n<p>El Gobierno de Corrientes, a trav\u00e9s del Instituto de Cultura, avanza en los preparativos para una nueva edici\u00f3n de la Feria Provincial del Libro a desarrollarse del 9 al 18 de julio, de manera simult\u00e1nea en la Galer\u00eda Col\u00f3n (9 de Julio 1184) y el Colegio Salesiano (San Juan 783), con acceso libre y gratuito. Bajo el lema &#8220;La lectura, refugio de nuestra cultura&#8221;, ya tiene definida una extensa programaci\u00f3n en la que los escritores, sus obras y los lectores ser\u00e1n los principales protagonistas.<\/p>\n\n\n\n<p>&#8220;Estamos ajustando los \u00faltimos detalles para la Feria Provincial del Libro que dar\u00e1 inicio el mi\u00e9rcoles 9 de julio. Despu\u00e9s de una ardua labor cerramos una programaci\u00f3n atractiva que dar\u00e1 lugar de relevancia a los escritores correntinos, y contar\u00e1 con la participaci\u00f3n de invitados nacionales. A esto se sumar\u00e1n actividades de expresi\u00f3n art\u00edstica y espacios l\u00fadicos y educativos para los m\u00e1s j\u00f3venes, al igual que espect\u00e1culos para todos los gustos y edades&#8221;, se\u00f1al\u00f3 la presidente del Instituto de Cultura, Beatriz Kunin.<\/p>\n\n\n\n<p>El mi\u00e9rcoles 9 de julio, a las 18, ser\u00e1 el acto formal de inauguraci\u00f3n y seguidamente se llevar\u00e1 adelante un panel con destacados escritores locales, que moderar\u00e1 el periodista Carlos Lezcano. El cierre musical estar\u00e1 a cargo de la Orquesta Folcl\u00f3rica de la Provincia.<\/p>\n\n\n\n<p>El horario general de la Feria ser\u00e1 de 14 a 21, aunque el jueves 10 y viernes 11 de julio abrir\u00e1 tambi\u00e9n por la ma\u00f1ana, de 8 a 13, con actividades especialmente dedicadas a los estudiantes de todos los niveles educativos en los dos \u00faltimos d\u00edas antes del receso de invierno.<\/p>\n\n\n<div class=\"wp-block-image\">\n<figure class=\"aligncenter is-resized\"><img decoding=\"async\" src=\"https:\/\/www.diarioepoca.com\/content\/bucket\/9\/1437499w380h321c.jpg.webp\" alt=\"\" style=\"width:562px;height:auto\"\/><\/figure>\n<\/div>\n\n\n<p>M\u00e1s de 50 stands de librer\u00edas y editoriales formar\u00e1n parte de la amplia y variada oferta editorial, y est\u00e1n programadas m\u00e1s de 60 presentaciones de libros a lo largo de las diez jornadas de este evento que ya est\u00e1 consolidado como parte de la agenda cultural de la regi\u00f3n. Habr\u00e1 adem\u00e1s espacios institucionales del Gobierno provincial y la Municipalidad de Corrientes, al igual que espacios para emprendedores y gastronom\u00eda.<\/p>\n\n\n\n<p>En total, est\u00e1n previstas cerca de cien actividades que incluir\u00e1n conferencias, paneles, funciones de teatro, espect\u00e1culos musicales y talleres de mosaiquismo, pintura y lectura, entre muchas opciones m\u00e1s.<\/p>\n\n\n\n<h2 class=\"wp-block-heading\">La Historia de la educaci\u00f3n en la Feria<\/h2>\n\n\n<div class=\"wp-block-image\">\n<figure class=\"aligncenter is-resized\"><img decoding=\"async\" src=\"https:\/\/www.diarioepoca.com\/content\/bucket\/0\/1437500w380h231c.jpg.webp\" alt=\"\" style=\"width:492px;height:auto\"\/><\/figure>\n<\/div>\n\n\n<p>El Ministerio de Educaci\u00f3n de la Provincia participar\u00e1 activamente en la 15\u00aa edici\u00f3n de la Feria del Libro con una propuesta impulsada por el Programa de Historia de la Educaci\u00f3n. El objetivo es rescatar, valorizar y difundir la memoria pedag\u00f3gica de Corrientes.<\/p>\n\n\n\n<p>Entre las principales actividades se destaca la presentaci\u00f3n de la L\u00ednea del Tiempo de las Autoridades Educativas de Corrientes (1853\u0096actualidad), compuesta por dos paneles (fundacional y contempor\u00e1neo) acompa\u00f1ados por una pantalla digital que proyectar\u00e1 la secuencia hist\u00f3rica de quienes ocuparon cargos clave en el sistema educativo.<\/p>\n\n\n\n<p>Adem\u00e1s, anticipar\u00e1n la publicaci\u00f3n de dos obras fundamentales en desarrollo: Un libro sobre la historia general de la educaci\u00f3n en Corrientes, elaborado por el equipo de investigaci\u00f3n del programa. Adem\u00e1s de otro volumen dedicado a las primeras Escuelas Normales, escrito por docentes de estas instituciones fundacionales.<\/p>\n","protected":false},"excerpt":{"rendered":"<p>El Gobierno de Corrientes, a trav\u00e9s del Instituto de Cultura, avanza en los preparativos para una nueva edici\u00f3n de la Feria Provincial del Libro a desarrollarse del 9 al 18&hellip; <\/p>\n","protected":false},"author":1,"featured_media":216015,"comment_status":"closed","ping_status":"open","sticky":false,"template":"","format":"standard","meta":{"footnotes":""},"categories":[22],"tags":[],"class_list":["post-216014","post","type-post","status-publish","format-standard","has-post-thumbnail","hentry","category-eventos"],"_links":{"self":[{"href":"https:\/\/corrientesdetarde.com\/index.php\/wp-json\/wp\/v2\/posts\/216014","targetHints":{"allow":["GET"]}}],"collection":[{"href":"https:\/\/corrientesdetarde.com\/index.php\/wp-json\/wp\/v2\/posts"}],"about":[{"href":"https:\/\/corrientesdetarde.com\/index.php\/wp-json\/wp\/v2\/types\/post"}],"author":[{"embeddable":true,"href":"https:\/\/corrientesdetarde.com\/index.php\/wp-json\/wp\/v2\/users\/1"}],"replies":[{"embeddable":true,"href":"https:\/\/corrientesdetarde.com\/index.php\/wp-json\/wp\/v2\/comments?post=216014"}],"version-history":[{"count":1,"href":"https:\/\/corrientesdetarde.com\/index.php\/wp-json\/wp\/v2\/posts\/216014\/revisions"}],"predecessor-version":[{"id":216016,"href":"https:\/\/corrientesdetarde.com\/index.php\/wp-json\/wp\/v2\/posts\/216014\/revisions\/216016"}],"wp:featuredmedia":[{"embeddable":true,"href":"https:\/\/corrientesdetarde.com\/index.php\/wp-json\/wp\/v2\/media\/216015"}],"wp:attachment":[{"href":"https:\/\/corrientesdetarde.com\/index.php\/wp-json\/wp\/v2\/media?parent=216014"}],"wp:term":[{"taxonomy":"category","embeddable":true,"href":"https:\/\/corrientesdetarde.com\/index.php\/wp-json\/wp\/v2\/categories?post=216014"},{"taxonomy":"post_tag","embeddable":true,"href":"https:\/\/corrientesdetarde.com\/index.php\/wp-json\/wp\/v2\/tags?post=216014"}],"curies":[{"name":"wp","href":"https:\/\/api.w.org\/{rel}","templated":true}]}}