{"id":216072,"date":"2025-07-07T03:08:30","date_gmt":"2025-07-07T06:08:30","guid":{"rendered":"https:\/\/corrientesdetarde.com\/?p=216072"},"modified":"2025-07-07T03:08:51","modified_gmt":"2025-07-07T06:08:51","slug":"el-consumo-de-carne-vacuna-en-argentina-sigue-siendo-uno-de-los-mas-bajos-de-la-historia","status":"publish","type":"post","link":"https:\/\/corrientesdetarde.com\/index.php\/economia\/el-consumo-de-carne-vacuna-en-argentina-sigue-siendo-uno-de-los-mas-bajos-de-la-historia\/","title":{"rendered":"El consumo de carne vacuna en Argentina sigue siendo uno de los m\u00e1s bajos de la historia"},"content":{"rendered":"\n<p>El productor y consultor ganadero V\u00edctor Tonelli confirm\u00f3 que este semestre cerr\u00f3 con un promedio de 49 kilos por habitante por a\u00f1o, contra 44 del a\u00f1o pasado.<\/p>\n\n\n\n<p>El productor y consultor ganadero V\u00edctor Tonelli confirm\u00f3 que, si bien hubo una leve mejora, el consumo de carne vacuna en Argentina sigue siendo uno de los m\u00e1s bajos de la historia. &#8220;Este semestre cerr\u00f3 con un promedio de 49 kilos por habitante por a\u00f1o, contra 44 del a\u00f1o pasado, pero seguimos lejos de los 82 kilos que se consum\u00edan seis d\u00e9cadas atr\u00e1s&#8221;, explic\u00f3.<\/p>\n\n\n\n<p>Tonelli fue claro al destacar que el cambio cultural y el precio empujaron esta transformaci\u00f3n. &#8220;Hoy se consume m\u00e1s carne en total, pero menos carne vacuna. Entre pollo y cerdo, pasamos de 12 a 65 kilos por habitante por a\u00f1o. Eso explica el desplazamiento del vacuno, que adem\u00e1s es m\u00e1s caro y menos eficiente de producir&#8221;, se\u00f1al\u00f3 en di\u00e1logo con Rivadavia AM 630.<\/p>\n\n\n\n<p>Sobre los rumores de que se est\u00e1 vendiendo carne vacuna brasile\u00f1a en carnicer\u00edas argentinas, Tonelli fue tajante: &#8220;Eso es mentira. No entra un solo kilo de carne con hueso desde Brasil&#8221;. Y aclar\u00f3 que lo que s\u00ed se importa, hist\u00f3ricamente, es bondiola de cerdo brasile\u00f1a, debido a su precio m\u00e1s competitivo.<\/p>\n\n\n\n<p>Consultado sobre las exportaciones, afirm\u00f3 que Argentina exporta menos que antes, pero que la recuperaci\u00f3n es progresiva: &#8220;El problema fue que hasta hace un a\u00f1o y medio estaban casi prohibidas las exportaciones. Ah\u00ed s\u00ed Paraguay y Brasil aprovecharon para ganar mercado&#8221;.<\/p>\n\n\n\n<p>Por \u00faltimo, relativiz\u00f3 la supuesta &#8220;invasi\u00f3n&#8221; de carne extranjera: &#8220;Aunque se diga que se cuadruplicaron las importaciones de carne vacuna, eso representa apenas el 0,05% del consumo interno. No tiene ning\u00fan impacto real&#8221;, concluy\u00f3.<\/p>\n\n\n\n<p>El mensaje fue claro: el consumo de carne vacuna baj\u00f3 por razones estructurales y culturales, no por invasiones externas ni modas pasajeras. Argentina se adapta, pero con un sabor cada vez m\u00e1s mezclado.<\/p>\n","protected":false},"excerpt":{"rendered":"<p>El productor y consultor ganadero V\u00edctor Tonelli confirm\u00f3 que este semestre cerr\u00f3 con un promedio de 49 kilos por habitante por a\u00f1o, contra 44 del a\u00f1o pasado. El productor y&hellip; <\/p>\n","protected":false},"author":4,"featured_media":216073,"comment_status":"closed","ping_status":"open","sticky":false,"template":"","format":"standard","meta":{"footnotes":""},"categories":[20],"tags":[],"class_list":["post-216072","post","type-post","status-publish","format-standard","has-post-thumbnail","hentry","category-economia"],"_links":{"self":[{"href":"https:\/\/corrientesdetarde.com\/index.php\/wp-json\/wp\/v2\/posts\/216072","targetHints":{"allow":["GET"]}}],"collection":[{"href":"https:\/\/corrientesdetarde.com\/index.php\/wp-json\/wp\/v2\/posts"}],"about":[{"href":"https:\/\/corrientesdetarde.com\/index.php\/wp-json\/wp\/v2\/types\/post"}],"author":[{"embeddable":true,"href":"https:\/\/corrientesdetarde.com\/index.php\/wp-json\/wp\/v2\/users\/4"}],"replies":[{"embeddable":true,"href":"https:\/\/corrientesdetarde.com\/index.php\/wp-json\/wp\/v2\/comments?post=216072"}],"version-history":[{"count":1,"href":"https:\/\/corrientesdetarde.com\/index.php\/wp-json\/wp\/v2\/posts\/216072\/revisions"}],"predecessor-version":[{"id":216074,"href":"https:\/\/corrientesdetarde.com\/index.php\/wp-json\/wp\/v2\/posts\/216072\/revisions\/216074"}],"wp:featuredmedia":[{"embeddable":true,"href":"https:\/\/corrientesdetarde.com\/index.php\/wp-json\/wp\/v2\/media\/216073"}],"wp:attachment":[{"href":"https:\/\/corrientesdetarde.com\/index.php\/wp-json\/wp\/v2\/media?parent=216072"}],"wp:term":[{"taxonomy":"category","embeddable":true,"href":"https:\/\/corrientesdetarde.com\/index.php\/wp-json\/wp\/v2\/categories?post=216072"},{"taxonomy":"post_tag","embeddable":true,"href":"https:\/\/corrientesdetarde.com\/index.php\/wp-json\/wp\/v2\/tags?post=216072"}],"curies":[{"name":"wp","href":"https:\/\/api.w.org\/{rel}","templated":true}]}}