{"id":216075,"date":"2025-07-07T03:12:47","date_gmt":"2025-07-07T06:12:47","guid":{"rendered":"https:\/\/corrientesdetarde.com\/?p=216075"},"modified":"2025-07-07T03:13:17","modified_gmt":"2025-07-07T06:13:17","slug":"f1-colapinto-tuvo-que-abandonar-en-silverstone-porque-su-auto-tuvo-una-falla","status":"publish","type":"post","link":"https:\/\/corrientesdetarde.com\/index.php\/deportes\/f1-colapinto-tuvo-que-abandonar-en-silverstone-porque-su-auto-tuvo-una-falla\/","title":{"rendered":"F1: Colapinto tuvo que abandonar en Silverstone porque su auto tuvo una falla"},"content":{"rendered":"\n<p>Al monoplaza de la escuder\u00eda francesa le hab\u00edan cambiado la unidad de potencia en la previa de la carrera.<\/p>\n\n\n\n<p>Alpine sigue sumando malas noticias ya que el auto de Franco Colapinto no pudo arrancar en el Gran Premio de Silverstone, por lo que el piloto argentino tuvo que abandonar la carrera.<\/p>\n\n\n\n<p>A\u00fan es una inc\u00f3gnita lo que ocurri\u00f3 con el monoplaza de la escuder\u00eda francesa, al que le hab\u00edan cambiado la unidad de potencia en la previa de la competencia.<\/p>\n\n\n\n<p>&#8220;Es lo mismo que en Barcelona&#8221;, dijo Colapinto cuando tuvo di\u00e1logo con el sector de boxes a trav\u00e9s de la radio. En aquella oportunidad, el auto hab\u00eda tenido problemas con su caja de cambios.<\/p>\n\n\n\n<p>El fin de semana de Franco en Silverstone hab\u00eda arrancado de la peor manera luego de que el piloto argentino no pudiera completar la clasificaci\u00f3n, despu\u00e9s de tener un accidente en la Q3 donde rompi\u00f3 parte de su tren delantero. Por este motivo, iba a arrancar de la \u00faltima posici\u00f3n en la carrera.<\/p>\n\n\n\n<p>Sin embargo, este domingo, la cosa fue mucho peor. Despu\u00e9s de que la escuder\u00eda decidiera cambiar la unidad de potencia, yh que fuera penalizado para salir del pit lane, el argentino solo pudo dar la vuelta previa y luego su auto se detuvo y tuvo que abandonar.<\/p>\n\n\n\n<p>Este el sexto Gran Premio de Franco Colapinto durante esta temporada de F\u00f3rmula 1, en la que a\u00fan no pudo sumar ning\u00fan punto. De hecho, es el \u00fanico piloto que todav\u00eda est\u00e1 en cero, al igual que Jack Doohan, al que reemplaz\u00f3 en la escuder\u00eda Alpine.<\/p>\n\n\n\n<p>Este incidente no llega en un buen momento para el piloto argentino, que est\u00e1 siendo cuestionado por sus actuaciones. De hecho, algunas informaciones indican que la escuder\u00eda Alpine est\u00e1 hablando con Valtteri Bottas para ofrecerle un asiento en el equipo.<\/p>\n","protected":false},"excerpt":{"rendered":"<p>Al monoplaza de la escuder\u00eda francesa le hab\u00edan cambiado la unidad de potencia en la previa de la carrera. Alpine sigue sumando malas noticias ya que el auto de Franco&hellip; <\/p>\n","protected":false},"author":4,"featured_media":216076,"comment_status":"closed","ping_status":"open","sticky":false,"template":"","format":"standard","meta":{"footnotes":""},"categories":[4],"tags":[],"class_list":["post-216075","post","type-post","status-publish","format-standard","has-post-thumbnail","hentry","category-deportes"],"_links":{"self":[{"href":"https:\/\/corrientesdetarde.com\/index.php\/wp-json\/wp\/v2\/posts\/216075","targetHints":{"allow":["GET"]}}],"collection":[{"href":"https:\/\/corrientesdetarde.com\/index.php\/wp-json\/wp\/v2\/posts"}],"about":[{"href":"https:\/\/corrientesdetarde.com\/index.php\/wp-json\/wp\/v2\/types\/post"}],"author":[{"embeddable":true,"href":"https:\/\/corrientesdetarde.com\/index.php\/wp-json\/wp\/v2\/users\/4"}],"replies":[{"embeddable":true,"href":"https:\/\/corrientesdetarde.com\/index.php\/wp-json\/wp\/v2\/comments?post=216075"}],"version-history":[{"count":1,"href":"https:\/\/corrientesdetarde.com\/index.php\/wp-json\/wp\/v2\/posts\/216075\/revisions"}],"predecessor-version":[{"id":216077,"href":"https:\/\/corrientesdetarde.com\/index.php\/wp-json\/wp\/v2\/posts\/216075\/revisions\/216077"}],"wp:featuredmedia":[{"embeddable":true,"href":"https:\/\/corrientesdetarde.com\/index.php\/wp-json\/wp\/v2\/media\/216076"}],"wp:attachment":[{"href":"https:\/\/corrientesdetarde.com\/index.php\/wp-json\/wp\/v2\/media?parent=216075"}],"wp:term":[{"taxonomy":"category","embeddable":true,"href":"https:\/\/corrientesdetarde.com\/index.php\/wp-json\/wp\/v2\/categories?post=216075"},{"taxonomy":"post_tag","embeddable":true,"href":"https:\/\/corrientesdetarde.com\/index.php\/wp-json\/wp\/v2\/tags?post=216075"}],"curies":[{"name":"wp","href":"https:\/\/api.w.org\/{rel}","templated":true}]}}