{"id":216086,"date":"2025-07-07T03:27:13","date_gmt":"2025-07-07T06:27:13","guid":{"rendered":"https:\/\/corrientesdetarde.com\/?p=216086"},"modified":"2025-07-07T03:27:25","modified_gmt":"2025-07-07T06:27:25","slug":"brutal-rina-termino-con-un-joven-herido-de-mas-de-20-punaladas","status":"publish","type":"post","link":"https:\/\/corrientesdetarde.com\/index.php\/policiales\/brutal-rina-termino-con-un-joven-herido-de-mas-de-20-punaladas\/","title":{"rendered":"Brutal ri\u00f1a termin\u00f3 con un joven herido de m\u00e1s de 20 pu\u00f1aladas"},"content":{"rendered":"\n<p>La v\u00edctima ten\u00eda cuchillazos en la cabeza, piernas y el t\u00f3rax, que da\u00f1aron uno de sus pulmones. Sigue en estado delicado. Por el caso hay dos personas se\u00f1aladas como las agresoras; una es menor de edad y la otra mayor y est\u00e1 detenida. Drogas, una de las hip\u00f3tesis.<\/p>\n\n\n\n<p>Un joven misionero se debate entre la vida y la muerte, luego de un sangriento incidente en el que termin\u00f3 recibiendo cerca de 20 pu\u00f1aladas en todo su cuerpo en una finca ubicada en la localidad correntina de Colonia Juan Pujol. Datos extraoficiales indican que todo habr\u00eda ocurrido en el contexto de una fallida transacci\u00f3n de estupefaciente, pero la Polic\u00eda investiga otras hip\u00f3tesis. Por el caso hubo dos demorados, uno de ellos menor de edad, aunque no qued\u00f3 detenido. Una mujer fue inicialmente se\u00f1alada como la instigadora, aunque no fue arrestada.<\/p>\n\n\n\n<p>El incidente ocurri\u00f3 pasadas las 1;30 de la madrugada, cuando la Polic\u00eda local tom\u00f3 conocimiento de un grav\u00edsimo altercado en una vivienda de la localidad. Un hombre de unos 26 a\u00f1os, originario de la provincia de Misiones, pero afincado hace ya un tiempo en Juan Pujol fue quien se llev\u00f3 la peor parte de un violento altercado que involucr\u00f3 a varias personas que depart\u00edan en un inmueble de la localidad.<\/p>\n\n\n\n<p>Seg\u00fan indicaron fuentes policiales, la v\u00edctima fue identificada como Enzo Alvez Da Silva y recibi\u00f3 al menos 20 cuchillazos, algunos superficiales y otros profundos, en la cabeza, t\u00f3rax, abdomen y pies.<\/p>\n\n\n\n<p>Cerca de las dos de la madrugada fue trasladado de urgencia hasta el Hospital Samuel Robinson de la ciudad de Monte Caseros, donde fue intervenido quir\u00fargicamente. Presentaba lesiones delicadas y con complicaciones en \u00f3rganos vitales, como un hemot\u00f3rax en los pulmones. Hab\u00eda perdido demasiada sangre y fue necesario realizarle durante la cirug\u00eda varias transfusiones. Luego de unas horas, la v\u00edctima fue compensada.<\/p>\n\n\n\n<p>El \u00faltimo parte m\u00e9dico indica que est\u00e1 internado en estado grave, con &#8220;conducta expectante&#8221;, con vigilancia intensiva debido al alto riesgo de complicaciones. Su pron\u00f3stico sigue siendo reservado.<\/p>\n\n\n\n<p>En cuanto a la investigaci\u00f3n policial, llevada a cabo por la fuerza de seguridad local se pudo establecer que el brutal ataque a Da Silva ocurri\u00f3 en una vivienda ubicada por calles Mendiburu y Cabral, de Colonia Juan Pujol. Por el momento, la Polic\u00eda tiene a un hombre mayor de edad y a un adolescente como principales sospechosos del apu\u00f1alamiento, pero no se descarta que haya participado otra persona. Puntualmente una mujer.<\/p>\n\n\n\n<p>Los investigadores locales tambi\u00e9n secuestraron un cuchillo en la escena, pero resta establecer a trav\u00e9s de las pericias, si fue el usado en el sangriento ataque.<\/p>\n\n\n\n<p>Entre algunas de las hip\u00f3tesis tejidas ayer en el marco de la causa, allegados al caso hablaban de una posible fallida transacci\u00f3n de drogas, que termin\u00f3 desatando semejante agresi\u00f3n. Este dato surgi\u00f3 luego de saberse que el lugar donde ocurri\u00f3 el altercado hace poco habr\u00eda sido allanado por una fuerza federal, justamente tras una investigaci\u00f3n por comercializaci\u00f3n de narc\u00f3ticos.<\/p>\n\n\n\n<p>En aquella oportunidad ya hubo detenidos en torno a aquella causa. Si bien, es una de las hip\u00f3tesis que est\u00e1 en el marco de la investigaci\u00f3n, a\u00fan no cobr\u00f3 fuerza ya que la Polic\u00eda no hall\u00f3 estupefacientes en la casa donde atacaron al hombre.<\/p>\n\n\n\n<p>Ahora, es la Justicia la que debe determinar los pasos a seguir y no se descarta la concreci\u00f3n de allanamientos. Por el momento, la causa fue caratulada como &#8220;homicidio en grado de tentativa y lesiones graves&#8221;, pero podr\u00eda modificarse con el correr de las horas y las declaraciones de los implicados y testigos.<\/p>\n","protected":false},"excerpt":{"rendered":"<p>La v\u00edctima ten\u00eda cuchillazos en la cabeza, piernas y el t\u00f3rax, que da\u00f1aron uno de sus pulmones. Sigue en estado delicado. Por el caso hay dos personas se\u00f1aladas como las&hellip; <\/p>\n","protected":false},"author":4,"featured_media":216087,"comment_status":"closed","ping_status":"open","sticky":false,"template":"","format":"standard","meta":{"footnotes":""},"categories":[33],"tags":[],"class_list":["post-216086","post","type-post","status-publish","format-standard","has-post-thumbnail","hentry","category-policiales"],"_links":{"self":[{"href":"https:\/\/corrientesdetarde.com\/index.php\/wp-json\/wp\/v2\/posts\/216086","targetHints":{"allow":["GET"]}}],"collection":[{"href":"https:\/\/corrientesdetarde.com\/index.php\/wp-json\/wp\/v2\/posts"}],"about":[{"href":"https:\/\/corrientesdetarde.com\/index.php\/wp-json\/wp\/v2\/types\/post"}],"author":[{"embeddable":true,"href":"https:\/\/corrientesdetarde.com\/index.php\/wp-json\/wp\/v2\/users\/4"}],"replies":[{"embeddable":true,"href":"https:\/\/corrientesdetarde.com\/index.php\/wp-json\/wp\/v2\/comments?post=216086"}],"version-history":[{"count":1,"href":"https:\/\/corrientesdetarde.com\/index.php\/wp-json\/wp\/v2\/posts\/216086\/revisions"}],"predecessor-version":[{"id":216088,"href":"https:\/\/corrientesdetarde.com\/index.php\/wp-json\/wp\/v2\/posts\/216086\/revisions\/216088"}],"wp:featuredmedia":[{"embeddable":true,"href":"https:\/\/corrientesdetarde.com\/index.php\/wp-json\/wp\/v2\/media\/216087"}],"wp:attachment":[{"href":"https:\/\/corrientesdetarde.com\/index.php\/wp-json\/wp\/v2\/media?parent=216086"}],"wp:term":[{"taxonomy":"category","embeddable":true,"href":"https:\/\/corrientesdetarde.com\/index.php\/wp-json\/wp\/v2\/categories?post=216086"},{"taxonomy":"post_tag","embeddable":true,"href":"https:\/\/corrientesdetarde.com\/index.php\/wp-json\/wp\/v2\/tags?post=216086"}],"curies":[{"name":"wp","href":"https:\/\/api.w.org\/{rel}","templated":true}]}}