{"id":216089,"date":"2025-07-07T08:05:34","date_gmt":"2025-07-07T11:05:34","guid":{"rendered":"https:\/\/corrientesdetarde.com\/?p=216089"},"modified":"2025-07-07T08:05:38","modified_gmt":"2025-07-07T11:05:38","slug":"emergencia-agropecuaria-investigadores-mapean-la-vulnerabilidad-estructural-del-agro-chaqueno","status":"publish","type":"post","link":"https:\/\/corrientesdetarde.com\/index.php\/actualidad\/emergencia-agropecuaria-investigadores-mapean-la-vulnerabilidad-estructural-del-agro-chaqueno\/","title":{"rendered":"Emergencia Agropecuaria: investigadores mapean la vulnerabilidad estructural del Agro Chaque\u00f1o"},"content":{"rendered":"\n<p><em>Un estudio del Centro de Geociencias Aplicadas analiz\u00f3 dos d\u00e9cadas de decretos de emergencia en la provincia del Chaco, en los que se evidencia que departamentos como Comandante Fern\u00e1ndez, Independencia y Maip\u00fa acumularon hasta 18 a\u00f1os de emergencia sobre 20 analizados. El an\u00e1lisis territorial muestra una concentraci\u00f3n de crisis en el n\u00facleo sojero del centro-sudoeste provincial, donde la expansi\u00f3n agr\u00edcola duplic\u00f3 la superficie cultivada en dos d\u00e9cadas.<\/em><\/p>\n\n\n\n<p>Por casi dos d\u00e9cadas, entre 2006 y 2025, la provincia del Chaco estuvo bajo un estado de emergencia agropecuaria casi permanente. Lo que deber\u00eda ser una excepci\u00f3n termin\u00f3 siendo en rutina: sequ\u00edas, inundaciones repentinas, granizo destructor y crecidas afectaron los campos chaque\u00f1os, obligando al Estado provincial a emitir decretos de emergencia de manera reiterada.<\/p>\n\n\n\n<p>Investigadores del Centro de Geociencias Aplicadas de la UNNE se propusieron estudiar la aplicabilidad de esta herramienta clave dentro del repertorio de intervenci\u00f3n estatal sobre el territorio productivo. El profesor H\u00e9ctor Daniel Ben\u00edtez y el doctor Jorge Alfredo Alberto llevaron adelante una evaluaci\u00f3n cr\u00edtica de estos decretos, no solo como respuestas administrativas ante eventos clim\u00e1ticos extremos, sino tambi\u00e9n como instrumentos pol\u00edticos que han contribuido activamente a la reconfiguraci\u00f3n del territorio rural chaque\u00f1o.<\/p>\n\n\n\n<p>El estudio propone una lectura territorial y geopol\u00edtica de estas normativas, destacando su impacto diferencial en los diversos actores del agro chaque\u00f1o y su papel en la consolidaci\u00f3n de determinadas l\u00f3gicas de ocupaci\u00f3n y uso del suelo.<\/p>\n\n\n\n<p>Una de las conclusiones de la investigaci\u00f3n es que la emergencia agropecuaria funciona como un&nbsp;<strong>instrumento reactivo<\/strong>, concebido para asistir econ\u00f3micamente a los actores productivos en situaciones cr\u00edticas. Sin embargo, su reiteraci\u00f3n en el tiempo evidencia una estrategia de gesti\u00f3n limitada.<\/p>\n\n\n\n<p>&#8220;La emergencia se convierte en un &#8216;parche cr\u00f3nico&#8217; que perpet\u00faa un tipo de intervenci\u00f3n estatal focalizada, parcial y desvinculada de una planificaci\u00f3n territorial integral&#8221;, se\u00f1alan Ben\u00edtez y Alberto en el informe del estudio. En lugar de introducir cambios estructurales, estos decretos tienden a sostener un modelo productivo altamente vulnerable.<\/p>\n\n\n\n<p>Los investigadores observan que mientras los excesos h\u00eddricos y crecidas afectan mayormente al Chaco H\u00famedo y al este provincial, los d\u00e9ficits h\u00eddricos se concentran en el Chaco Seco y la franja de transici\u00f3n, donde la variabilidad pluviom\u00e9trica y la degradaci\u00f3n ambiental incrementan la vulnerabilidad.<\/p>\n\n\n\n<p><strong>Algunos datos.<\/strong>&nbsp;Departamentos como Comandante Fern\u00e1ndez, Independencia y Maip\u00fa acumularon entre 17 y 18 a\u00f1os de emergencia sobre un total de 20 a\u00f1os analizados. Una situaci\u00f3n que los investigadores califican como &#8220;alarmante&#8221;, donde la emergencia dej\u00f3 de ser un hecho excepcional para consolidarse como un componente permanente de la din\u00e1mica rural.<\/p>\n\n\n\n<p>El an\u00e1lisis territorial revela un patr\u00f3n espacial: la mayor\u00eda de los decretos se concentran en el centro y sudoeste provincial, precisamente donde se ubica el n\u00facleo sojero con mayor vulnerabilidad estructural. Esta zona de transici\u00f3n clim\u00e1tica, ubicada entre las isohietas de 900 mm y 700 mm de precipitaci\u00f3n media anual, constituye el \u00e1rea de mayor dinamismo agroproductivo, pero tambi\u00e9n la m\u00e1s fr\u00e1gil.<\/p>\n\n\n\n<p>&#8220;La emergencia tiende a concentrarse en territorios donde se ha consolidado el modelo agroindustrial&#8221;, explican los investigadores. Es aqu\u00ed donde convergen las condiciones del Chaco H\u00famedo y del Chaco Seco, configurando un espacio estrat\u00e9gico pero extremadamente vulnerable.<\/p>\n\n\n\n<p><strong>Vulnerabilidad.<\/strong><strong>&nbsp;<\/strong>Para entender esta vulnerabilidad, es necesario analizar los \u00faltimos 20 a\u00f1os. En las \u00faltimas dos d\u00e9cadas, la superficie cultivada en la provincia se duplic\u00f3, pasando de entre 700.000 y 900.000 hect\u00e1reas a principios del siglo XXI a 1.803.150 hect\u00e1reas en 2025. La soja emergi\u00f3 como protagonista absoluta, representando entre el 50% y 60% de la superficie cultivada anual.<\/p>\n\n\n\n<p>El estudio revela las tensiones profundas que atraviesan el agro argentino contempor\u00e1neo: entre expansi\u00f3n y conservaci\u00f3n, entre eficiencia y equidad, entre crecimiento econ\u00f3mico y sustentabilidad ambiental.<\/p>\n\n\n\n<p>Los investigadores plantean la necesidad de&nbsp;<strong>repensar el rol de la emergencia agropecuaria como pol\u00edtica p\u00fablica.<\/strong>&nbsp;Proponen que estos decretos sean considerados indicadores territoriales de crisis y se integren en estrategias m\u00e1s amplias de ordenamiento ambiental y desarrollo rural sostenible.<\/p>\n\n\n\n<p>La incorporaci\u00f3n de herramientas como el Ordenamiento Territorial de Bosques Nativos (OTBN), los planes de manejo h\u00eddrico o los sistemas de alerta temprana basados en monitoreo satelital, puede contribuir a una gesti\u00f3n m\u00e1s anticipatoria y menos dependiente de la urgencia.<\/p>\n\n\n\n<p>&#8220;Las emergencias agropecuarias son tanto un s\u00edntoma como una oportunidad&#8221;, concluyen los investigadores. &#8220;Un s\u00edntoma de un modelo que ha llegado a sus l\u00edmites ecol\u00f3gicos y sociales; y una oportunidad para repensar el territorio, desde una mirada integral que supere la l\u00f3gica de corto plazo y apueste por una planificaci\u00f3n participativa, estrat\u00e9gica y adaptativa&#8221;.<\/p>\n\n\n\n<p>Las conclusiones apuntan a la necesidad de contar con pol\u00edticas p\u00fablicas integrales que aborden el ordenamiento rural con criterios de sustentabilidad, resiliencia y equidad territorial. \u201cSer\u00e1 una oportunidad para superar la l\u00f3gica de la emergencia permanente y construir un territorio rural m\u00e1s resiliente y equitativo\u201d.<\/p>\n","protected":false},"excerpt":{"rendered":"<p>Un estudio del Centro de Geociencias Aplicadas analiz\u00f3 dos d\u00e9cadas de decretos de emergencia en la provincia del Chaco, en los que se evidencia que departamentos como Comandante Fern\u00e1ndez, Independencia&hellip; <\/p>\n","protected":false},"author":3,"featured_media":216090,"comment_status":"closed","ping_status":"open","sticky":false,"template":"","format":"standard","meta":{"footnotes":""},"categories":[23],"tags":[],"class_list":["post-216089","post","type-post","status-publish","format-standard","has-post-thumbnail","hentry","category-actualidad"],"_links":{"self":[{"href":"https:\/\/corrientesdetarde.com\/index.php\/wp-json\/wp\/v2\/posts\/216089","targetHints":{"allow":["GET"]}}],"collection":[{"href":"https:\/\/corrientesdetarde.com\/index.php\/wp-json\/wp\/v2\/posts"}],"about":[{"href":"https:\/\/corrientesdetarde.com\/index.php\/wp-json\/wp\/v2\/types\/post"}],"author":[{"embeddable":true,"href":"https:\/\/corrientesdetarde.com\/index.php\/wp-json\/wp\/v2\/users\/3"}],"replies":[{"embeddable":true,"href":"https:\/\/corrientesdetarde.com\/index.php\/wp-json\/wp\/v2\/comments?post=216089"}],"version-history":[{"count":1,"href":"https:\/\/corrientesdetarde.com\/index.php\/wp-json\/wp\/v2\/posts\/216089\/revisions"}],"predecessor-version":[{"id":216097,"href":"https:\/\/corrientesdetarde.com\/index.php\/wp-json\/wp\/v2\/posts\/216089\/revisions\/216097"}],"wp:featuredmedia":[{"embeddable":true,"href":"https:\/\/corrientesdetarde.com\/index.php\/wp-json\/wp\/v2\/media\/216090"}],"wp:attachment":[{"href":"https:\/\/corrientesdetarde.com\/index.php\/wp-json\/wp\/v2\/media?parent=216089"}],"wp:term":[{"taxonomy":"category","embeddable":true,"href":"https:\/\/corrientesdetarde.com\/index.php\/wp-json\/wp\/v2\/categories?post=216089"},{"taxonomy":"post_tag","embeddable":true,"href":"https:\/\/corrientesdetarde.com\/index.php\/wp-json\/wp\/v2\/tags?post=216089"}],"curies":[{"name":"wp","href":"https:\/\/api.w.org\/{rel}","templated":true}]}}