{"id":216095,"date":"2025-07-07T08:08:54","date_gmt":"2025-07-07T11:08:54","guid":{"rendered":"https:\/\/corrientesdetarde.com\/?p=216095"},"modified":"2025-07-07T08:08:55","modified_gmt":"2025-07-07T11:08:55","slug":"rio-uruguay-familias-evacuadas-comienzan-a-regresar-a-sus-hogares","status":"publish","type":"post","link":"https:\/\/corrientesdetarde.com\/index.php\/informacion-general\/rio-uruguay-familias-evacuadas-comienzan-a-regresar-a-sus-hogares\/","title":{"rendered":"R\u00edo Uruguay: familias evacuadas comienzan a regresar a sus hogares"},"content":{"rendered":"\n<p>El descenso del agua fue m\u00e1s lento de lo que se esperaba. Las autoridades de la provincia junto a los jefes comunales que tienen borde con este r\u00edo miran de cerca el hidr\u00f3metro ante el temor nueva crecida. En la localidad de Santo Tom\u00e9, 18 personas volvieron a sus casas.<\/p>\n\n\n\n<p>Luego de varias semanas de complicaciones por la creciente del r\u00edo Uruguay, algunas familias correntinas comenzaron a regresar a sus hogares.<\/p>\n\n\n\n<p>Son varios los puntos de la provincia que tuvieron complicaciones con las lluvias que se registraron en junio y parte de julio.<\/p>\n\n\n\n<p>Las lluvias en las altas cuencas son un punto cr\u00edtico en esta parte del continente sudamericano. Paso de los Libres, Monte Caseros, Santo Tom\u00e9, fueron algunas de las ciudades que padecieron las consecuencias de la crecida.<\/p>\n\n\n\n<p>En la jornada de ayer algunos municipios comenzaron a ver una luz de esperanza para volver a la normalidad, aunque los intendentes est\u00e1n con la guardia alta ante el temor de nuevas subas en lo que resta del invierno y lo que pueda pasar con la primavera y el verano.<\/p>\n\n\n\n<p>En este sentido, Pablo Ver\u00f3n, director de Defensa Civil de Santo Tom\u00e9, confirm\u00f3 que el nivel del r\u00edo Uruguay comenz\u00f3 a descender, lo que permiti\u00f3 que las familias evacuadas por prevenci\u00f3n comiencen a volver a sus viviendas.<\/p>\n\n\n\n<p>&#8220;La buena noticia es que ya empez\u00f3 una bajante importante del r\u00edo Uruguay&#8221;, se\u00f1al\u00f3 Ver\u00f3n, al tiempo que detall\u00f3 que durante la \u00faltima crecida fueron evacuadas 18 personas en total, aunque en su mayor\u00eda por razones preventivas, ya que el agua no hab\u00eda ingresado a sus hogares, pero las viviendas estaban en zonas de riesgo.<\/p>\n\n\n\n<p>&#8220;Gracias a Dios, las familias ya est\u00e1n empezando a regresar. El comportamiento de la cuenca es de bajante en casi toda la regi\u00f3n, lo que nos permite proyectar semanas tranquilas&#8221;, agreg\u00f3.<\/p>\n\n\n\n<p>El funcionario tambi\u00e9n destac\u00f3 que la represa de Chapec\u00f3, en Brasil, redujo considerablemente el caudal de agua que ven\u00eda liberando, lo cual contribuy\u00f3 a la estabilizaci\u00f3n del r\u00edo en la zona.<\/p>\n\n\n\n<p>Desde Defensa Civil mantienen el monitoreo constante, pero todo indica que la situaci\u00f3n tiende a normalizarse en los pr\u00f3ximos d\u00edas, luego de varios episodios de alerta por crecidas en el litoral.<\/p>\n\n\n\n<p><\/p>\n","protected":false},"excerpt":{"rendered":"<p>El descenso del agua fue m\u00e1s lento de lo que se esperaba. Las autoridades de la provincia junto a los jefes comunales que tienen borde con este r\u00edo miran de&hellip; <\/p>\n","protected":false},"author":3,"featured_media":216096,"comment_status":"closed","ping_status":"open","sticky":false,"template":"","format":"standard","meta":{"footnotes":""},"categories":[1],"tags":[],"class_list":["post-216095","post","type-post","status-publish","format-standard","has-post-thumbnail","hentry","category-informacion-general"],"_links":{"self":[{"href":"https:\/\/corrientesdetarde.com\/index.php\/wp-json\/wp\/v2\/posts\/216095","targetHints":{"allow":["GET"]}}],"collection":[{"href":"https:\/\/corrientesdetarde.com\/index.php\/wp-json\/wp\/v2\/posts"}],"about":[{"href":"https:\/\/corrientesdetarde.com\/index.php\/wp-json\/wp\/v2\/types\/post"}],"author":[{"embeddable":true,"href":"https:\/\/corrientesdetarde.com\/index.php\/wp-json\/wp\/v2\/users\/3"}],"replies":[{"embeddable":true,"href":"https:\/\/corrientesdetarde.com\/index.php\/wp-json\/wp\/v2\/comments?post=216095"}],"version-history":[{"count":1,"href":"https:\/\/corrientesdetarde.com\/index.php\/wp-json\/wp\/v2\/posts\/216095\/revisions"}],"predecessor-version":[{"id":216100,"href":"https:\/\/corrientesdetarde.com\/index.php\/wp-json\/wp\/v2\/posts\/216095\/revisions\/216100"}],"wp:featuredmedia":[{"embeddable":true,"href":"https:\/\/corrientesdetarde.com\/index.php\/wp-json\/wp\/v2\/media\/216096"}],"wp:attachment":[{"href":"https:\/\/corrientesdetarde.com\/index.php\/wp-json\/wp\/v2\/media?parent=216095"}],"wp:term":[{"taxonomy":"category","embeddable":true,"href":"https:\/\/corrientesdetarde.com\/index.php\/wp-json\/wp\/v2\/categories?post=216095"},{"taxonomy":"post_tag","embeddable":true,"href":"https:\/\/corrientesdetarde.com\/index.php\/wp-json\/wp\/v2\/tags?post=216095"}],"curies":[{"name":"wp","href":"https:\/\/api.w.org\/{rel}","templated":true}]}}