{"id":216111,"date":"2025-07-07T09:02:30","date_gmt":"2025-07-07T12:02:30","guid":{"rendered":"https:\/\/corrientesdetarde.com\/?p=216111"},"modified":"2025-07-07T09:02:31","modified_gmt":"2025-07-07T12:02:31","slug":"buenas-actuaciones-del-semillero-correntino","status":"publish","type":"post","link":"https:\/\/corrientesdetarde.com\/index.php\/deportes\/buenas-actuaciones-del-semillero-correntino\/","title":{"rendered":"Buenas actuaciones del semillero correntino"},"content":{"rendered":"\n<p>Ocho atletas del equipo Corrientes Corre lograron buenas performance en el torneo de atletismo U16 en la pista del Polideportivo Jaime Zapata, en Resistencia.<\/p>\n\n\n\n<p>El \u00faltimo fin de semana de junio se llev\u00f3 a cabo el Torneo Provincial de Atletismo U16 en la pista del Polideportivo Jaime Zapata, en la ciudad de Resistencia. El evento, que tiene como objetivo promover la competencia y el desarrollo del atletismo en la regi\u00f3n, permiti\u00f3 a los j\u00f3venes atletas registrar marcas oficiales v\u00e1lidas para futuras clasificaciones a instancias nacionales.<\/p>\n\n\n\n<p>Ocho atletas del equipo Corrientes Corre dijeron presente, con destacadas actuaciones que reflejan el crecimiento del semillero provincial.<\/p>\n\n\n\n<p>Entre los resultados m\u00e1s sobresalientes, se encuentra el desempe\u00f1o de M\u00eda Flores, actual campeona argentina U14 en salto en largo, quien en su primer intento logr\u00f3 mejorar su marca personal con un salto de 3,35 metros, superando en dos cent\u00edmetros el registro que la hab\u00eda consagrado en el pasado Nacional U14. Adem\u00e1s, se adjudic\u00f3 el primer puesto en los 150 metros con un tiempo de 21.07 segundos, tambi\u00e9n mejorando su marca anterior.<\/p>\n\n\n\n<figure class=\"wp-block-image\"><img decoding=\"async\" src=\"https:\/\/www.diarioepoca.com\/content\/bucket\/7\/1437767w380h203c.jpg.webp\" alt=\"\"\/><\/figure>\n\n\n\n<p>Otra actuaci\u00f3n para resaltar fue la de las promesas del medio fondo correntino: Luciana Maggi y P\u00eda Fernandes, ambas clasificadas a la instancia provincial de los Juegos Correntinos. En la prueba de 600 metros, ambas atletas salieron decididas a mejorar sus tiempos. Desde los primeros 100 metros impusieron un ritmo alto, cumpliendo con creces los parciales previstos y sosteniendo el esfuerzo hasta el final. Maggi se qued\u00f3 con el primer puesto con un tiempo de 1:54.06, seguida por Fernandes con 1:59.20. Ambas marcas no solo representan un progreso personal, sino que las ubican entre los diez mejores tiempos del ranking nacional en su categor\u00eda.<\/p>\n\n\n\n<p>Tambi\u00e9n tuvieron actuaciones destacadas: Valentina Blanco, 1\u00aa en 80 metros con vallas (16.06) y salto en largo (3,84 m), con mejoras en ambos registros; Mart\u00edn Costarelli, 1\u00ba en 150 metros (22.08) con mejor marca personal y 2\u00ba en 80 con vallas; Ciro Ledesma, 1\u00ba en salto en largo (3,20 m) y 2\u00ba en 150 metros (25.01), ambos con registros mejorados; Constanza Alegre, tambi\u00e9n clasificada a la instancia provincial de los Juegos Correntinos, obtuvo el 1\u00ba puesto en 80 metros con vallas (17.05) y en salto en largo (3,87 m), con mejoras en ambas pruebas y Jose Torres, obtuvo el 2\u00b0 puesto en los 100 metros con un tiempo de 12.50 segundos.<\/p>\n\n\n\n<figure class=\"wp-block-image\"><img decoding=\"async\" src=\"https:\/\/www.diarioepoca.com\/content\/bucket\/8\/1437768w380h448c.jpg.webp\" alt=\"\"\/><\/figure>\n\n\n\n<p>Este tipo de competencias no solo permite a los j\u00f3venes sumar experiencia, sino que tambi\u00e9n los motiva a seguir entrenando con entusiasmo. El progreso demostrado es fruto de la constancia y el acompa\u00f1amiento, pilares fundamentales para la formaci\u00f3n deportiva. Estos chicos representan el futuro del atletismo correntino, un camino que se construye con tiempo, dedicaci\u00f3n y pasi\u00f3n por este deporte.<\/p>\n","protected":false},"excerpt":{"rendered":"<p>Ocho atletas del equipo Corrientes Corre lograron buenas performance en el torneo de atletismo U16 en la pista del Polideportivo Jaime Zapata, en Resistencia. El \u00faltimo fin de semana de&hellip; <\/p>\n","protected":false},"author":3,"featured_media":216112,"comment_status":"closed","ping_status":"open","sticky":false,"template":"","format":"standard","meta":{"footnotes":""},"categories":[4],"tags":[],"class_list":["post-216111","post","type-post","status-publish","format-standard","has-post-thumbnail","hentry","category-deportes"],"_links":{"self":[{"href":"https:\/\/corrientesdetarde.com\/index.php\/wp-json\/wp\/v2\/posts\/216111","targetHints":{"allow":["GET"]}}],"collection":[{"href":"https:\/\/corrientesdetarde.com\/index.php\/wp-json\/wp\/v2\/posts"}],"about":[{"href":"https:\/\/corrientesdetarde.com\/index.php\/wp-json\/wp\/v2\/types\/post"}],"author":[{"embeddable":true,"href":"https:\/\/corrientesdetarde.com\/index.php\/wp-json\/wp\/v2\/users\/3"}],"replies":[{"embeddable":true,"href":"https:\/\/corrientesdetarde.com\/index.php\/wp-json\/wp\/v2\/comments?post=216111"}],"version-history":[{"count":1,"href":"https:\/\/corrientesdetarde.com\/index.php\/wp-json\/wp\/v2\/posts\/216111\/revisions"}],"predecessor-version":[{"id":216122,"href":"https:\/\/corrientesdetarde.com\/index.php\/wp-json\/wp\/v2\/posts\/216111\/revisions\/216122"}],"wp:featuredmedia":[{"embeddable":true,"href":"https:\/\/corrientesdetarde.com\/index.php\/wp-json\/wp\/v2\/media\/216112"}],"wp:attachment":[{"href":"https:\/\/corrientesdetarde.com\/index.php\/wp-json\/wp\/v2\/media?parent=216111"}],"wp:term":[{"taxonomy":"category","embeddable":true,"href":"https:\/\/corrientesdetarde.com\/index.php\/wp-json\/wp\/v2\/categories?post=216111"},{"taxonomy":"post_tag","embeddable":true,"href":"https:\/\/corrientesdetarde.com\/index.php\/wp-json\/wp\/v2\/tags?post=216111"}],"curies":[{"name":"wp","href":"https:\/\/api.w.org\/{rel}","templated":true}]}}