{"id":216113,"date":"2025-07-07T09:02:32","date_gmt":"2025-07-07T12:02:32","guid":{"rendered":"https:\/\/corrientesdetarde.com\/?p=216113"},"modified":"2025-07-07T09:02:34","modified_gmt":"2025-07-07T12:02:34","slug":"fundacion-incanto-cumple-dos-anos-formando-artistas","status":"publish","type":"post","link":"https:\/\/corrientesdetarde.com\/index.php\/cultura\/fundacion-incanto-cumple-dos-anos-formando-artistas\/","title":{"rendered":"Fundaci\u00f3n Incanto cumple dos a\u00f1os formando artistas"},"content":{"rendered":"\n<p>La instituci\u00f3n celebra este nuevo aniversario con dos propuestas estelares. En Corrientes habr\u00e1 una jornada con actividades y dos espect\u00e1culos. En Buenos Aires se har\u00e1n dos shows con la participaci\u00f3n de artistas de la fundaci\u00f3n.<\/p>\n\n\n\n<p>La Fundaci\u00f3n Incanto, creada y dirigida por el tenor correntino Sergio Casco, celebra este mes dos a\u00f1os de trayectoria. En este contexto, la entidad ubicada en La Rioja 1578, tendr\u00e1 funciones especiales en Corrientes y en Buenos Aires.<\/p>\n\n\n\n<p>El pr\u00f3ximo s\u00e1bado 12 de julio, la primera de estas celebraciones ser\u00e1 en la ciudad con una jornada cargada de m\u00fasica, protagonizada por sus estudiantes. La sede de ATSA, (Cocomarola 835), ser\u00e1 el escenario de dos espect\u00e1culos que prometen emocionar y sorprender al p\u00fablico. A las 19, ser\u00e1 el turno del &#8220;Show Kids&#8221;, una hermosa oportunidad para seis ni\u00f1os que trabajan su formaci\u00f3n vocal en la fundaci\u00f3n. Ellos son Alfonsina Fruttero Insaurralde, Camila Duarte, Felipe Quiroz Sappa, Guillermo Cabral, Samay Monz\u00f3n Par\u00e9 y Sof\u00eda Ram\u00edrez. Interpretar\u00e1n un repertorio en espa\u00f1ol que recorre distintos g\u00e9neros musicales, combinando ternura, talento y alegr\u00eda.<\/p>\n\n\n\n<p>Seguidamente, a las 21, ser\u00e1 el momento del &#8220;Show Teens&#8221;, donde cinco adolescentes mostrar\u00e1n su crecimiento art\u00edstico con un espect\u00e1culo vibrante y diverso. Las int\u00e9rpretes ser\u00e1n Coty \u00c1valos Sacc\u00fa, Libi Mizrahi, Liz Maldonado, Sayen Marcolli y Solana Aponte Nardez. Tambi\u00e9n con un repertorio en espa\u00f1ol, el show recorrer\u00e1 g\u00e9neros musicales latinos y populares. Las entradas para ambos shows pueden adquirirse en la sede de la Fundaci\u00f3n Incanto o por WhatsApp al 3794-403604.<\/p>\n\n\n\n<h2 class=\"wp-block-heading\">Buenos Aires<\/h2>\n\n\n\n<p>Dentro del marco del convenio entre la Fundaci\u00f3n Incanto y la Vicegobernaci\u00f3n de la provincia, los d\u00edas 18 y 19 de julio se concretar\u00e1 una presentaci\u00f3n hist\u00f3rica, por primera vez, en Buenos Aires con el espect\u00e1culo &#8220;Corrientes con Voz&#8221;.<\/p>\n\n\n\n<p>El viernes 18 de julio, con entrada libre y gratuita, Incanto se presentar\u00e1 en la sede de Casa de Corrientes en Buenos Aires (Maip\u00fa 271) con un show chamamecero que destacar\u00e1 la identidad litorale\u00f1a y contar\u00e1 con la participaci\u00f3n de alumnos que se forman actualmente en la fundaci\u00f3n. Al d\u00eda siguiente, s\u00e1bado 19, el Teatro Vitral (Rodr\u00edguez Pe\u00f1a 344) ser\u00e1 sede de una gala musical con repertorio variado en espa\u00f1ol, donde los alumnos m\u00e1s destacados mostrar\u00e1n su talento ante el p\u00fablico porte\u00f1o. En este caso, las entradas estar\u00e1n a la venta.<\/p>\n\n\n\n<p>Los artistas que representar\u00e1n a la Fundaci\u00f3n Incanto en esta primera gira son Alfonsina Fruttero Insaurralde, Coty \u00c1valos Sacc\u00fa, Guadalupe B\u00e1ez, Guillermo Cabral, Libi Mizrahi, Liz Maldonado, Julia Aram\u00ed C\u00e1ceres, Mar\u00eda Paz Carmona, Mariela Cherey, Patricia Breard, Roc\u00edo Maidana, Samay Monz\u00f3n Par\u00e9 y Sayen Marcolli. Todos ellos han sido seleccionados por su compromiso, evoluci\u00f3n art\u00edstica y capacidad interpretativa, y llevar\u00e1n la bandera de Corrientes con orgullo y emoci\u00f3n. &#8220;Este segundo aniversario no es solo una celebraci\u00f3n, es la reafirmaci\u00f3n de un sue\u00f1o colectivo&#8221;, expres\u00f3 Casco.<\/p>\n","protected":false},"excerpt":{"rendered":"<p>La instituci\u00f3n celebra este nuevo aniversario con dos propuestas estelares. En Corrientes habr\u00e1 una jornada con actividades y dos espect\u00e1culos. En Buenos Aires se har\u00e1n dos shows con la participaci\u00f3n&hellip; <\/p>\n","protected":false},"author":3,"featured_media":216114,"comment_status":"closed","ping_status":"open","sticky":false,"template":"","format":"standard","meta":{"footnotes":""},"categories":[15],"tags":[],"class_list":["post-216113","post","type-post","status-publish","format-standard","has-post-thumbnail","hentry","category-cultura"],"_links":{"self":[{"href":"https:\/\/corrientesdetarde.com\/index.php\/wp-json\/wp\/v2\/posts\/216113","targetHints":{"allow":["GET"]}}],"collection":[{"href":"https:\/\/corrientesdetarde.com\/index.php\/wp-json\/wp\/v2\/posts"}],"about":[{"href":"https:\/\/corrientesdetarde.com\/index.php\/wp-json\/wp\/v2\/types\/post"}],"author":[{"embeddable":true,"href":"https:\/\/corrientesdetarde.com\/index.php\/wp-json\/wp\/v2\/users\/3"}],"replies":[{"embeddable":true,"href":"https:\/\/corrientesdetarde.com\/index.php\/wp-json\/wp\/v2\/comments?post=216113"}],"version-history":[{"count":1,"href":"https:\/\/corrientesdetarde.com\/index.php\/wp-json\/wp\/v2\/posts\/216113\/revisions"}],"predecessor-version":[{"id":216123,"href":"https:\/\/corrientesdetarde.com\/index.php\/wp-json\/wp\/v2\/posts\/216113\/revisions\/216123"}],"wp:featuredmedia":[{"embeddable":true,"href":"https:\/\/corrientesdetarde.com\/index.php\/wp-json\/wp\/v2\/media\/216114"}],"wp:attachment":[{"href":"https:\/\/corrientesdetarde.com\/index.php\/wp-json\/wp\/v2\/media?parent=216113"}],"wp:term":[{"taxonomy":"category","embeddable":true,"href":"https:\/\/corrientesdetarde.com\/index.php\/wp-json\/wp\/v2\/categories?post=216113"},{"taxonomy":"post_tag","embeddable":true,"href":"https:\/\/corrientesdetarde.com\/index.php\/wp-json\/wp\/v2\/tags?post=216113"}],"curies":[{"name":"wp","href":"https:\/\/api.w.org\/{rel}","templated":true}]}}