{"id":216118,"date":"2025-07-07T09:02:37","date_gmt":"2025-07-07T12:02:37","guid":{"rendered":"https:\/\/corrientesdetarde.com\/?p=216118"},"modified":"2025-07-07T09:02:39","modified_gmt":"2025-07-07T12:02:39","slug":"javier-milei-se-prepara-para-encabezar-la-vigilia-del-dia-de-la-independencia","status":"publish","type":"post","link":"https:\/\/corrientesdetarde.com\/index.php\/destacados\/javier-milei-se-prepara-para-encabezar-la-vigilia-del-dia-de-la-independencia\/","title":{"rendered":"Javier Milei se prepara para encabezar la vigilia del D\u00eda de la Independencia"},"content":{"rendered":"\n<p>Todos los gobernadores han sido invitados al evento, que incluir\u00e1 un mensaje presidencial desde la Casa Hist\u00f3rica<\/p>\n\n\n\n<p>El presidente Javier Milei encabezar\u00e1 la vigilia del D\u00eda de la Independencia en Tucum\u00e1n, a un a\u00f1o de la firma del Pacto de Mayo y en un momento cr\u00edtico de su relaci\u00f3n con las provincias.&nbsp;<\/p>\n\n\n\n<p>El libertario se trasladar\u00e1 a Tucum\u00e1n para participar de la tradicional vigilia por el D\u00eda de la Independencia. Este acto, que se realizar\u00e1 el 8 de julio, cobra una particular relevancia dado que se cumple un a\u00f1o de la firma del Pacto de Mayo, y en un contexto de marcada tensi\u00f3n en la relaci\u00f3n entre el Gobierno nacional y las provincias.&nbsp;<\/p>\n\n\n\n<p>Seg\u00fan confirm\u00f3 el gobernador Osvaldo Jaldo, Milei arribar\u00e1 al aeropuerto internacional Benjam\u00edn Matienzo alrededor de las 22:00 del martes, para luego dirigirse a la Casa Hist\u00f3rica de la Independencia en San Miguel de Tucum\u00e1n.&nbsp;<\/p>\n\n\n\n<p>All\u00ed, pasada la medianoche, pronunciar\u00e1 un mensaje a la Naci\u00f3n antes de regresar a la Quinta de Olivos.<\/p>\n\n\n\n<p><strong>Invitaci\u00f3n a gobernadores<\/strong><\/p>\n\n\n\n<p>La invitaci\u00f3n se extendi\u00f3 a todos los gobernadores del pa\u00eds, aunque a\u00fan se espera la confirmaci\u00f3n de su asistencia.&nbsp;<\/p>\n\n\n\n<p>Este gesto se da en un momento en que la administraci\u00f3n de Milei enfrenta fuertes resistencias y cr\u00edticas por parte de los mandatarios provinciales, quienes han expresado su descontento con las pol\u00edticas de ajuste y la falta de di\u00e1logo.&nbsp;<\/p>\n\n\n\n<p>La presencia de los l\u00edderes provinciales en Tucum\u00e1n ser\u00e1 un indicador clave del estado de las relaciones intergubernamentales en esta fecha patria tan significativa.<\/p>\n","protected":false},"excerpt":{"rendered":"<p>Todos los gobernadores han sido invitados al evento, que incluir\u00e1 un mensaje presidencial desde la Casa Hist\u00f3rica El presidente Javier Milei encabezar\u00e1 la vigilia del D\u00eda de la Independencia en&hellip; <\/p>\n","protected":false},"author":3,"featured_media":216119,"comment_status":"closed","ping_status":"open","sticky":false,"template":"","format":"standard","meta":{"footnotes":""},"categories":[26],"tags":[],"class_list":["post-216118","post","type-post","status-publish","format-standard","has-post-thumbnail","hentry","category-destacados"],"_links":{"self":[{"href":"https:\/\/corrientesdetarde.com\/index.php\/wp-json\/wp\/v2\/posts\/216118","targetHints":{"allow":["GET"]}}],"collection":[{"href":"https:\/\/corrientesdetarde.com\/index.php\/wp-json\/wp\/v2\/posts"}],"about":[{"href":"https:\/\/corrientesdetarde.com\/index.php\/wp-json\/wp\/v2\/types\/post"}],"author":[{"embeddable":true,"href":"https:\/\/corrientesdetarde.com\/index.php\/wp-json\/wp\/v2\/users\/3"}],"replies":[{"embeddable":true,"href":"https:\/\/corrientesdetarde.com\/index.php\/wp-json\/wp\/v2\/comments?post=216118"}],"version-history":[{"count":1,"href":"https:\/\/corrientesdetarde.com\/index.php\/wp-json\/wp\/v2\/posts\/216118\/revisions"}],"predecessor-version":[{"id":216125,"href":"https:\/\/corrientesdetarde.com\/index.php\/wp-json\/wp\/v2\/posts\/216118\/revisions\/216125"}],"wp:featuredmedia":[{"embeddable":true,"href":"https:\/\/corrientesdetarde.com\/index.php\/wp-json\/wp\/v2\/media\/216119"}],"wp:attachment":[{"href":"https:\/\/corrientesdetarde.com\/index.php\/wp-json\/wp\/v2\/media?parent=216118"}],"wp:term":[{"taxonomy":"category","embeddable":true,"href":"https:\/\/corrientesdetarde.com\/index.php\/wp-json\/wp\/v2\/categories?post=216118"},{"taxonomy":"post_tag","embeddable":true,"href":"https:\/\/corrientesdetarde.com\/index.php\/wp-json\/wp\/v2\/tags?post=216118"}],"curies":[{"name":"wp","href":"https:\/\/api.w.org\/{rel}","templated":true}]}}