{"id":216133,"date":"2025-07-07T10:03:32","date_gmt":"2025-07-07T13:03:32","guid":{"rendered":"https:\/\/corrientesdetarde.com\/?p=216133"},"modified":"2025-07-07T10:03:35","modified_gmt":"2025-07-07T13:03:35","slug":"gustavo-valdes-lidera-el-ranking-de-gobernadores-mejor-valorados","status":"publish","type":"post","link":"https:\/\/corrientesdetarde.com\/index.php\/politica\/gustavo-valdes-lidera-el-ranking-de-gobernadores-mejor-valorados\/","title":{"rendered":"Gustavo Vald\u00e9s lidera el ranking de gobernadores mejor valorados"},"content":{"rendered":"\n<p>En una nueva encuesta de gobernadores realizada por CB Consultora Opini\u00f3n, el gobernador correntino qued\u00f3 en primer lugar. Es seguido por Osvaldo Jaldo, gobernador de Tucum\u00e1n y en tercer lugar por Ignacio Torres, de Chubut.&nbsp;<\/p>\n\n\n\n<p>De acuerdo al ranking del mes de julio, los tres gobernadores mejor valorados de este mes por sus co-provincianos son:&nbsp;<strong>Gustavo Vald\u00e9s, quien lidera con un 61,8% de imagen positiva<\/strong>, seguido por Osvaldo Jaldo-Tucum\u00e1n- con un 61,2%, y en tercer lugar Ignacio Torres- Chubut- con un 60,7%.<\/p>\n\n\n\n<p>En tanto, los gobernadores peor calificados del mes de julio de 2025 son:&nbsp;<strong>en \u00faltimo lugar, Ricardo Quintela (La Rioja) con un 42,6%<\/strong>&nbsp;de imagen positiva, seguido por Alberto Weretilneck (R\u00edo Negro) con 43,4%, y luego Axel Kicillof (Provincia de Buenos Aires) con 44,5%.<\/p>\n\n\n\n<p>El gobernador que m\u00e1s creci\u00f3 en el mes de julio de 2025 en comparaci\u00f3n con la medici\u00f3n anterior fue Gildo Insfr\u00e1n de Formosa, quien registr\u00f3 un incremento de +4.2% en su imagen positiva. Por el contrario, el gobernador que m\u00e1s cay\u00f3 fue Gerardo Zamora, de Santiago del Estero, con una disminuci\u00f3n de -3.2% en su aprobaci\u00f3n.<\/p>\n","protected":false},"excerpt":{"rendered":"<p>En una nueva encuesta de gobernadores realizada por CB Consultora Opini\u00f3n, el gobernador correntino qued\u00f3 en primer lugar. Es seguido por Osvaldo Jaldo, gobernador de Tucum\u00e1n y en tercer lugar&hellip; <\/p>\n","protected":false},"author":3,"featured_media":216141,"comment_status":"closed","ping_status":"open","sticky":false,"template":"","format":"standard","meta":{"footnotes":""},"categories":[3],"tags":[],"class_list":["post-216133","post","type-post","status-publish","format-standard","has-post-thumbnail","hentry","category-politica"],"_links":{"self":[{"href":"https:\/\/corrientesdetarde.com\/index.php\/wp-json\/wp\/v2\/posts\/216133","targetHints":{"allow":["GET"]}}],"collection":[{"href":"https:\/\/corrientesdetarde.com\/index.php\/wp-json\/wp\/v2\/posts"}],"about":[{"href":"https:\/\/corrientesdetarde.com\/index.php\/wp-json\/wp\/v2\/types\/post"}],"author":[{"embeddable":true,"href":"https:\/\/corrientesdetarde.com\/index.php\/wp-json\/wp\/v2\/users\/3"}],"replies":[{"embeddable":true,"href":"https:\/\/corrientesdetarde.com\/index.php\/wp-json\/wp\/v2\/comments?post=216133"}],"version-history":[{"count":1,"href":"https:\/\/corrientesdetarde.com\/index.php\/wp-json\/wp\/v2\/posts\/216133\/revisions"}],"predecessor-version":[{"id":216142,"href":"https:\/\/corrientesdetarde.com\/index.php\/wp-json\/wp\/v2\/posts\/216133\/revisions\/216142"}],"wp:featuredmedia":[{"embeddable":true,"href":"https:\/\/corrientesdetarde.com\/index.php\/wp-json\/wp\/v2\/media\/216141"}],"wp:attachment":[{"href":"https:\/\/corrientesdetarde.com\/index.php\/wp-json\/wp\/v2\/media?parent=216133"}],"wp:term":[{"taxonomy":"category","embeddable":true,"href":"https:\/\/corrientesdetarde.com\/index.php\/wp-json\/wp\/v2\/categories?post=216133"},{"taxonomy":"post_tag","embeddable":true,"href":"https:\/\/corrientesdetarde.com\/index.php\/wp-json\/wp\/v2\/tags?post=216133"}],"curies":[{"name":"wp","href":"https:\/\/api.w.org\/{rel}","templated":true}]}}