{"id":216166,"date":"2025-07-07T16:14:57","date_gmt":"2025-07-07T19:14:57","guid":{"rendered":"https:\/\/corrientesdetarde.com\/?p=216166"},"modified":"2025-07-07T16:15:54","modified_gmt":"2025-07-07T19:15:54","slug":"programa-luminarias-venezuela-celebro-un-aniversario-de-su-independencia-en-la-legislatura","status":"publish","type":"post","link":"https:\/\/corrientesdetarde.com\/index.php\/eventossociedad\/programa-luminarias-venezuela-celebro-un-aniversario-de-su-independencia-en-la-legislatura\/","title":{"rendered":"PROGRAMA LUMINARIAS: Venezuela celebr\u00f3 un aniversario de su independencia en la Legislatura"},"content":{"rendered":"\n<p><\/p>\n\n\n\n<p>En el hall de la Legislatura provincial, se realiz\u00f3 un homenaje a Venezuela, en el marco del Programa \u201cLuminarias\u201d. El vicegobernador, Pedro Braillard Poccard, y la presidente de la Asociaci\u00f3n de Venezolanos en Corrientes, Mar\u00eda Alves, junto a miembros de la colectividad, celebraron el aniversario de la independencia del hermano pa\u00eds.<br>Por otra parte, durante el anochecer del 5 de julio, se ilumin\u00f3 la fachada del Palacio Legislativo con los colores de la bandera venezolana: amarillo, azul y rojo.<br>Durante el acto, como parte de su cultura y tradici\u00f3n, una integrante de la colectividad venezolana exhibi\u00f3 una vestimenta t\u00edpica denominada \u201ctraje llanero\u201d compuesto por una blusa con volados, falda acampanada con volados en amarillo, azul y rojo.<br>Luego de entonar el Himno Nacional Argentino y el Himno Nacional de la Rep\u00fablica Bolivariana de Venezuela, el vicegobernador y la presidente de la asociaci\u00f3n expresaron el deseo de unidad y reconciliaci\u00f3n del pueblo venezolano, en el marco de un futuro com\u00fan de los pa\u00edses latinoamericanos.<br>Posteriormente un grupo de m\u00fasicos venezolanos y miembros del coro de la Universidad Nacional del Nordeste, interpretaron Maracabeira, una canci\u00f3n llanera, acompa\u00f1ados con bombo y cuatro.<br>Para finalizar, se degustaron arepas venezolanas, como cortes\u00eda del emprendimiento de la Sra. Mar\u00eda Alves, presidente de la colectividad venezolana, cuenta con un local dentro del Paseo San Luis de nuestra ciudad.<br>Estuvieron presentes la diputada Albana Rotela, concejal Melisa Mecca, presidente del Colegio de Abogados de la 1\u00ba Circunscripci\u00f3n, Dr. Pedro Cotelo, asesora jur\u00eddica del Servicio Penitenciario, representantes de colectividades, integrantes de la Direcci\u00f3n de Relaciones Internacionales del Senado, miembros de gabinete del Vicegobernador.<\/p>\n\n\n\n<figure class=\"wp-block-image size-large\"><img loading=\"lazy\" decoding=\"async\" width=\"1024\" height=\"602\" src=\"https:\/\/corrientesdetarde.com\/wp-content\/uploads\/2025\/07\/image-183-1024x602.png\" alt=\"\" class=\"wp-image-216170\" srcset=\"https:\/\/corrientesdetarde.com\/wp-content\/uploads\/2025\/07\/image-183-1024x602.png 1024w, https:\/\/corrientesdetarde.com\/wp-content\/uploads\/2025\/07\/image-183-300x176.png 300w, https:\/\/corrientesdetarde.com\/wp-content\/uploads\/2025\/07\/image-183-768x452.png 768w, https:\/\/corrientesdetarde.com\/wp-content\/uploads\/2025\/07\/image-183.png 1265w\" sizes=\"auto, (max-width: 1024px) 100vw, 1024px\" \/><\/figure>\n\n\n\n<figure class=\"wp-block-image size-large\"><img loading=\"lazy\" decoding=\"async\" width=\"1024\" height=\"599\" src=\"https:\/\/corrientesdetarde.com\/wp-content\/uploads\/2025\/07\/image-182-1024x599.png\" alt=\"\" class=\"wp-image-216169\" srcset=\"https:\/\/corrientesdetarde.com\/wp-content\/uploads\/2025\/07\/image-182-1024x599.png 1024w, https:\/\/corrientesdetarde.com\/wp-content\/uploads\/2025\/07\/image-182-300x176.png 300w, https:\/\/corrientesdetarde.com\/wp-content\/uploads\/2025\/07\/image-182-768x450.png 768w, https:\/\/corrientesdetarde.com\/wp-content\/uploads\/2025\/07\/image-182.png 1247w\" sizes=\"auto, (max-width: 1024px) 100vw, 1024px\" \/><\/figure>\n","protected":false},"excerpt":{"rendered":"<p>En el hall de la Legislatura provincial, se realiz\u00f3 un homenaje a Venezuela, en el marco del Programa \u201cLuminarias\u201d. El vicegobernador, Pedro Braillard Poccard, y la presidente de la Asociaci\u00f3n&hellip; <\/p>\n","protected":false},"author":1,"featured_media":216168,"comment_status":"closed","ping_status":"open","sticky":false,"template":"","format":"standard","meta":{"footnotes":""},"categories":[1208],"tags":[],"class_list":["post-216166","post","type-post","status-publish","format-standard","has-post-thumbnail","hentry","category-eventossociedad"],"_links":{"self":[{"href":"https:\/\/corrientesdetarde.com\/index.php\/wp-json\/wp\/v2\/posts\/216166","targetHints":{"allow":["GET"]}}],"collection":[{"href":"https:\/\/corrientesdetarde.com\/index.php\/wp-json\/wp\/v2\/posts"}],"about":[{"href":"https:\/\/corrientesdetarde.com\/index.php\/wp-json\/wp\/v2\/types\/post"}],"author":[{"embeddable":true,"href":"https:\/\/corrientesdetarde.com\/index.php\/wp-json\/wp\/v2\/users\/1"}],"replies":[{"embeddable":true,"href":"https:\/\/corrientesdetarde.com\/index.php\/wp-json\/wp\/v2\/comments?post=216166"}],"version-history":[{"count":2,"href":"https:\/\/corrientesdetarde.com\/index.php\/wp-json\/wp\/v2\/posts\/216166\/revisions"}],"predecessor-version":[{"id":216173,"href":"https:\/\/corrientesdetarde.com\/index.php\/wp-json\/wp\/v2\/posts\/216166\/revisions\/216173"}],"wp:featuredmedia":[{"embeddable":true,"href":"https:\/\/corrientesdetarde.com\/index.php\/wp-json\/wp\/v2\/media\/216168"}],"wp:attachment":[{"href":"https:\/\/corrientesdetarde.com\/index.php\/wp-json\/wp\/v2\/media?parent=216166"}],"wp:term":[{"taxonomy":"category","embeddable":true,"href":"https:\/\/corrientesdetarde.com\/index.php\/wp-json\/wp\/v2\/categories?post=216166"},{"taxonomy":"post_tag","embeddable":true,"href":"https:\/\/corrientesdetarde.com\/index.php\/wp-json\/wp\/v2\/tags?post=216166"}],"curies":[{"name":"wp","href":"https:\/\/api.w.org\/{rel}","templated":true}]}}