{"id":216254,"date":"2025-07-08T08:00:20","date_gmt":"2025-07-08T11:00:20","guid":{"rendered":"https:\/\/corrientesdetarde.com\/?p=216254"},"modified":"2025-07-08T08:00:23","modified_gmt":"2025-07-08T11:00:23","slug":"los-cdi-provinciales-celebraran-el-dia-de-la-independencia-2","status":"publish","type":"post","link":"https:\/\/corrientesdetarde.com\/index.php\/locales\/los-cdi-provinciales-celebraran-el-dia-de-la-independencia-2\/","title":{"rendered":"Los CDI provinciales celebrar\u00e1n el d\u00eda de la Independencia"},"content":{"rendered":"\n<p>Los Centros de Desarrollo Infantil de la Provincia celebrar\u00e1n ma\u00f1ana 8 de Julio a las 10, el D\u00eda de la Independencia en el &nbsp;CEF N\u00ba 1, sito en Patagonia 1801. Bajo el lema \u201cVoces de la Independencia, Grito de Libertad\u201d.<\/p>\n\n\n\n<figure class=\"wp-block-image size-full\"><img loading=\"lazy\" decoding=\"async\" width=\"1000\" height=\"578\" src=\"https:\/\/corrientesdetarde.com\/wp-content\/uploads\/2025\/07\/imagen-100516.jpg\" alt=\"\" class=\"wp-image-216267\" srcset=\"https:\/\/corrientesdetarde.com\/wp-content\/uploads\/2025\/07\/imagen-100516.jpg 1000w, https:\/\/corrientesdetarde.com\/wp-content\/uploads\/2025\/07\/imagen-100516-300x173.jpg 300w, https:\/\/corrientesdetarde.com\/wp-content\/uploads\/2025\/07\/imagen-100516-768x444.jpg 768w\" sizes=\"auto, (max-width: 1000px) 100vw, 1000px\" \/><\/figure>\n\n\n\n<p>El Ministerio de Desarrollo Social, a trav\u00e9s de la Direcci\u00f3n de los Derechos de la Ni\u00f1ez y la Familia, a cargo de Manuel Santamar\u00eda estar\u00e1 desarrollando el homenaje al D\u00eda de la Independencia junto a docentes, ni\u00f1os y tutores de los CDI.<\/p>\n\n\n\n<p>Recordemos que los Centros de Desarrollo Infantil son instituciones educativas y socializadoras que brindan atenci\u00f3n integral a ni\u00f1os de 45 d\u00edas a 4 a\u00f1os y que dependen del Gobierno Provincial a trav\u00e9s del Ministerio de Desarrollo Social.<\/p>\n","protected":false},"excerpt":{"rendered":"<p>Los Centros de Desarrollo Infantil de la Provincia celebrar\u00e1n ma\u00f1ana 8 de Julio a las 10, el D\u00eda de la Independencia en el &nbsp;CEF N\u00ba 1, sito en Patagonia 1801.&hellip; <\/p>\n","protected":false},"author":3,"featured_media":216265,"comment_status":"closed","ping_status":"open","sticky":false,"template":"","format":"standard","meta":{"footnotes":""},"categories":[8],"tags":[],"class_list":["post-216254","post","type-post","status-publish","format-standard","has-post-thumbnail","hentry","category-locales"],"_links":{"self":[{"href":"https:\/\/corrientesdetarde.com\/index.php\/wp-json\/wp\/v2\/posts\/216254","targetHints":{"allow":["GET"]}}],"collection":[{"href":"https:\/\/corrientesdetarde.com\/index.php\/wp-json\/wp\/v2\/posts"}],"about":[{"href":"https:\/\/corrientesdetarde.com\/index.php\/wp-json\/wp\/v2\/types\/post"}],"author":[{"embeddable":true,"href":"https:\/\/corrientesdetarde.com\/index.php\/wp-json\/wp\/v2\/users\/3"}],"replies":[{"embeddable":true,"href":"https:\/\/corrientesdetarde.com\/index.php\/wp-json\/wp\/v2\/comments?post=216254"}],"version-history":[{"count":1,"href":"https:\/\/corrientesdetarde.com\/index.php\/wp-json\/wp\/v2\/posts\/216254\/revisions"}],"predecessor-version":[{"id":216271,"href":"https:\/\/corrientesdetarde.com\/index.php\/wp-json\/wp\/v2\/posts\/216254\/revisions\/216271"}],"wp:featuredmedia":[{"embeddable":true,"href":"https:\/\/corrientesdetarde.com\/index.php\/wp-json\/wp\/v2\/media\/216265"}],"wp:attachment":[{"href":"https:\/\/corrientesdetarde.com\/index.php\/wp-json\/wp\/v2\/media?parent=216254"}],"wp:term":[{"taxonomy":"category","embeddable":true,"href":"https:\/\/corrientesdetarde.com\/index.php\/wp-json\/wp\/v2\/categories?post=216254"},{"taxonomy":"post_tag","embeddable":true,"href":"https:\/\/corrientesdetarde.com\/index.php\/wp-json\/wp\/v2\/tags?post=216254"}],"curies":[{"name":"wp","href":"https:\/\/api.w.org\/{rel}","templated":true}]}}