{"id":216262,"date":"2025-07-08T08:05:17","date_gmt":"2025-07-08T11:05:17","guid":{"rendered":"https:\/\/corrientesdetarde.com\/?p=216262"},"modified":"2025-07-08T08:05:20","modified_gmt":"2025-07-08T11:05:20","slug":"todo-listo-para-la-reapertura-del-teatro-oficial-juan-de-vera","status":"publish","type":"post","link":"https:\/\/corrientesdetarde.com\/index.php\/cultura\/todo-listo-para-la-reapertura-del-teatro-oficial-juan-de-vera\/","title":{"rendered":"Todo listo para la reapertura del Teatro Oficial Juan de Vera"},"content":{"rendered":"\n<p>Este martes 8 desde las 19.30 hs se llevar\u00e1 adelante el acto de reapertura del Teatro Oficial Juan de Vera por parte del Gobierno de la provincia de Corrientes en las escalinatas del coliseo correntino. El acto ser\u00e1 de acceso p\u00fablico y posteriormente tendr\u00e1 lugar la primera funci\u00f3n de \u201cRenace\u201d, la obra in\u00e9dita que podr\u00e1 verse via streaming y mediante pantallas en calle San Juan. El mi\u00e9rcoles 9, a las 17.30 hs y 20 hs. \u201cRenace\u201d tendr\u00e1 dos funciones abiertas al p\u00fablico<\/p>\n\n\n\n<p>Tras la finalizaci\u00f3n de las obras de refacci\u00f3n y puesta en valor del hist\u00f3rico edificio del Teatro Oficial Juan de Vera iniciadas en 2022 se realizar\u00e1 la reapertura del coliseo correntino mediante acto protocolar desde las 19.30 hs. en las escalinatas, con presencia de autoridades provinciales, municipales y p\u00fablico en general, para dar luego comienzo a la primera funci\u00f3n de \u201cRenace\u201d, obra in\u00e9dita encomendada por la directora Lourdes S\u00e1nchez a Mar\u00eda Laura Cattalini y Eduardo Gondell, con m\u00e1s de 100 artistas locales e invitados especiales en la puesta en escena.<\/p>\n\n\n\n<p>Sobre calle San Juan, para dar marco al acto de reapertura oficial del Teatro Oficial Juan de Vera, se apostar\u00e1n sillas para el p\u00fablico y pantallas que transmitir\u00e1n la funci\u00f3n de \u201cRenace\u201d en el interior del coliseo. Tambi\u00e9n podr\u00e1 verse mediante&nbsp;<a href=\"https:\/\/4ue34.r.sp1-brevo.net\/mk\/cl\/f\/sh\/6rqJfgq8dINmNvd2HB7mP7OK8Ju\/icexipH8-sHG\" target=\"_blank\" rel=\"noreferrer noopener\">https:\/\/www.youtube.com\/@GobiernodeCorrientess<\/a><\/p>\n\n\n\n<p><strong>9 de julio con dos funciones<\/strong><\/p>\n\n\n\n<p>El mi\u00e9rcoles 9 de julio \u201cRenace\u201d tendr\u00e1 dos funciones con acceso gratuito para el p\u00fablico, a las 17.30 hs y a las 20 hs. dada la demanda en el retiro anticipado de las entradas el pasado fin de semana. La obra tambi\u00e9n podr\u00e1 verse en las pantallas que estar\u00e1n dispuestas por calle San Juan.<\/p>\n\n\n\n<p><strong>Renace<\/strong><\/p>\n\n\n\n<p>\u201cRenace\u201d es el lema bajo el cu\u00e1l se vienen alistando a buen ritmo las obras de refacci\u00f3n y puesta en valor del hist\u00f3rico edificio, su modernizaci\u00f3n con equipamiento escenot\u00e9cnico de primer nivel y tambi\u00e9n es el nombre de la obra in\u00e9dita encomendada por la actual directora del coliseo correntino, Lourdes S\u00e1nchez, a los directores art\u00edsticos Mar\u00eda Laura Cattalini y Eduardo Gondell.<\/p>\n\n\n\n<p>Ideada en torno a la historia del Teatro Juan de Vera y a su rol fundamental como casa de las artes para Corrientes y la regi\u00f3n por m\u00e1s de cien a\u00f1os, \u201cRenace\u201d propone un recorrido con eje central en la cultura de Corrientes, a trav\u00e9s de su m\u00fasica, las artes esc\u00e9nicas como la \u00f3pera, el teatro y las danzas, adem\u00e1s de dialogar con otras corrientes art\u00edsticas mediante una puesta en escena rupturista, que apela al uso de la tecnolog\u00eda, las artes visuales y otros recursos actuales de gran impacto en el vivo.<\/p>\n\n\n\n<p>En este recorrido que propone sorprender y estimular todos los sentidos, se pone en primer plano a la cultura e identidad de Corrientes, desde su herencia guaran\u00ed hasta el sincretismo de la mixtura con la cultura espa\u00f1ola y lo que nos configura como correntinos en el mundo. Desde la Belle Epoque, pasando a la m\u00fasica l\u00edrica, el folklore argentino y el di\u00e1logo con g\u00e9neros musicales actuales que fusionan la m\u00fasica de ra\u00edz con sonidos m\u00e1s modernos, la m\u00fasica orquestal y el chamam\u00e9 hasta cl\u00e1sicos de Broadway.<\/p>\n\n\n\n<p>La danza tendr\u00e1 fuerte protagonismo, con cuadros de obras universales cl\u00e1sicas, aut\u00f3ctonas y del teatro musical, adem\u00e1s de un homenaje a las artes esc\u00e9nicas teatrales primigenias, como el teatro de sombras. La tecnolog\u00eda tambi\u00e9n ser\u00e1 protagonista de \u201cRenace\u201d en la puesta en escena, con recursos como el mapping y proyecciones tanto en el exterior como en el interior del coliseo correntino.<\/p>\n\n\n\n<p>En una gran y compleja apuesta art\u00edstica, \u201cRenace\u201d pondr\u00e1 a dialogar a los artistas de Corrientes con referentes de la m\u00fasica, el teatro, las danzas y el arte urbano del pa\u00eds para abrir formalmente las puertas del mayor escenario de la provincia. Cabe destacar que la funci\u00f3n del martes 8 de julio contar\u00e1 con transmisi\u00f3n en vivo para ampliar el alcance de la propuesta al p\u00fablico fuera de Corrientes mediante el canal oficial de YouTube de Gobierno de Corrientes.<\/p>\n\n\n\n<p><strong>Elenco<\/strong><\/p>\n\n\n\n<p>Tomar\u00e1n parte Patricia Sosa, Antonio Tarrag\u00f3 Ros, Charo Bogar\u00edn, Nacho P\u00e9rez Cort\u00e9s, Josefina Scaglione, Juan Pablo Ledo (primer bailar\u00edn del Teatro Col\u00f3n) y Txaro Manen (bailarina del Teatro Col\u00f3n) entre otros artistas.<\/p>\n\n\n\n<p>De la escena local participan Los de Imaguar\u00e9, los cantantes l\u00edricos Jer\u00f3nimo Vargas G\u00f3mez y Pietrina Catapano; Juli Obreg\u00f3n; Hern\u00e1n Matorra (Maestro pianista), Yohanna Wilhem (artista de Sombras), Juan Pablo Barber\u00e1n (recitador), Chizzo (rap), Daiuja (DJ); Carlos Ubaldo Maciel (guitarrista), Gabriel Cocomarola (bandone\u00f3n), Valentino Roselli Majul (acorde\u00f3n); Marcelo Meza (Gaucho Gil), Micaela Segovia Baldi y Abigail Irup\u00e9 G\u00f3mez (estatuas vivientes); Javier Vrashka y Giuliana Chezzi (cintas a\u00e9reas); Arte Estoy, Iara Agustina Bastiani y Antonio G\u00f3mez; y Abril G\u00f3mez (bailarina).&nbsp;&nbsp;&nbsp;&nbsp;&nbsp;<\/p>\n\n\n\n<p>Un rol preponderante tendr\u00e1 la Orquesta Sinf\u00f3nica de la Provincia de Corrientes bajo direcci\u00f3n de la Maestra Andrea Fusco en la interpretaci\u00f3n de los cuadros musicales en vivo; el grupo F\u00e9minas, la Compa\u00f1\u00eda de Arte bajo direcci\u00f3n de Luis Marinoni, un ensamble de actores conformado por referentes locales de vasta trayectoria, otro ensamble de bailarines de comedia musical con coreograf\u00edas de Daniel Amarra y M\u00e9rice Liset Pereira y reposici\u00f3n coreogr\u00e1fica de Lorena Gonz\u00e1lez Fiorini y un ensamble de tambores que re\u00fane a los mejores percusionistas de la zona.<\/p>\n\n\n\n<p><strong>Ciclo de Masterclasses<\/strong><\/p>\n\n\n\n<p>Seguido a la reapertura del Teatro Oficial Juan de Vera, se llevar\u00e1 adelante un ciclo de Masterclasses durante el mes de julio, a cargo de referentes del teatro, la danza y la comedia musical nacional, con acceso gratuito e inscripciones previas.<\/p>\n\n\n\n<p>El ciclo abrir\u00e1 con la Masterclass por F\u00e1tima Flores, el s\u00e1bado 12 de julio, de 16.30 hs a 19 hs en el Teatro Oficial Juan de Vera, dirigido a artistas y estudiantes de arte a partir de los 15 a\u00f1os. Las personas interesadas en participar deber\u00e1n inscribirse completando el&nbsp; siguiente formulario:&nbsp;<a href=\"https:\/\/4ue34.r.sp1-brevo.net\/mk\/cl\/f\/sh\/6rqJfgq8dIPRQNvBlUXKKiWFlcw\/7p49HgodZFhH\" target=\"_blank\" rel=\"noreferrer noopener\">https:\/\/forms.gle\/zLUEAPmxLMtK4Qu29<\/a><\/p>\n","protected":false},"excerpt":{"rendered":"<p>Este martes 8 desde las 19.30 hs se llevar\u00e1 adelante el acto de reapertura del Teatro Oficial Juan de Vera por parte del Gobierno de la provincia de Corrientes en&hellip; <\/p>\n","protected":false},"author":3,"featured_media":216276,"comment_status":"closed","ping_status":"open","sticky":false,"template":"","format":"standard","meta":{"footnotes":""},"categories":[15],"tags":[],"class_list":["post-216262","post","type-post","status-publish","format-standard","has-post-thumbnail","hentry","category-cultura"],"_links":{"self":[{"href":"https:\/\/corrientesdetarde.com\/index.php\/wp-json\/wp\/v2\/posts\/216262","targetHints":{"allow":["GET"]}}],"collection":[{"href":"https:\/\/corrientesdetarde.com\/index.php\/wp-json\/wp\/v2\/posts"}],"about":[{"href":"https:\/\/corrientesdetarde.com\/index.php\/wp-json\/wp\/v2\/types\/post"}],"author":[{"embeddable":true,"href":"https:\/\/corrientesdetarde.com\/index.php\/wp-json\/wp\/v2\/users\/3"}],"replies":[{"embeddable":true,"href":"https:\/\/corrientesdetarde.com\/index.php\/wp-json\/wp\/v2\/comments?post=216262"}],"version-history":[{"count":1,"href":"https:\/\/corrientesdetarde.com\/index.php\/wp-json\/wp\/v2\/posts\/216262\/revisions"}],"predecessor-version":[{"id":216280,"href":"https:\/\/corrientesdetarde.com\/index.php\/wp-json\/wp\/v2\/posts\/216262\/revisions\/216280"}],"wp:featuredmedia":[{"embeddable":true,"href":"https:\/\/corrientesdetarde.com\/index.php\/wp-json\/wp\/v2\/media\/216276"}],"wp:attachment":[{"href":"https:\/\/corrientesdetarde.com\/index.php\/wp-json\/wp\/v2\/media?parent=216262"}],"wp:term":[{"taxonomy":"category","embeddable":true,"href":"https:\/\/corrientesdetarde.com\/index.php\/wp-json\/wp\/v2\/categories?post=216262"},{"taxonomy":"post_tag","embeddable":true,"href":"https:\/\/corrientesdetarde.com\/index.php\/wp-json\/wp\/v2\/tags?post=216262"}],"curies":[{"name":"wp","href":"https:\/\/api.w.org\/{rel}","templated":true}]}}