{"id":216285,"date":"2025-07-08T09:00:11","date_gmt":"2025-07-08T12:00:11","guid":{"rendered":"https:\/\/corrientesdetarde.com\/?p=216285"},"modified":"2025-07-08T09:00:15","modified_gmt":"2025-07-08T12:00:15","slug":"asi-funcionaran-los-servicios-municipales-el-9-de-julio","status":"publish","type":"post","link":"https:\/\/corrientesdetarde.com\/index.php\/actualidad\/asi-funcionaran-los-servicios-municipales-el-9-de-julio\/","title":{"rendered":"As\u00ed funcionar\u00e1n los servicios municipales el 9 de Julio"},"content":{"rendered":"\n<p>La recolecci\u00f3n de residuos se realizar\u00e1 en las zonas y horarios habituales. Habr\u00e1 guardias en \u00e1reas operativas, y el resto de las oficinas administrativas no atender\u00e1n al p\u00fablico.<\/p>\n\n\n\n<p>La Municipalidad de Corrientes informa acerca del funcionamiento de los distintos servicios que brinda habitualmente a los vecinos, en funci\u00f3n del feriado nacional del mi\u00e9rcoles 9 de julio, ocasi\u00f3n en que se conmemora el 209\u00b0 aniversario de la Declaraci\u00f3n de la Independencia Argentina.<br><br>La Secretar\u00eda de Ambiente comunic\u00f3 que a pesar del feriado nacional prestar\u00e1 normalmente el servicio de recolecci\u00f3n de residuos en las zonas y horarios acostumbrados. Lo mismo ocurrir\u00e1 con el que se lleva adelante en los diferentes Puntos Verdes.<br><br>El Tribunal Administrativo de Faltas Municipal atender\u00e1 el mi\u00e9rcoles con una guardia, en horario de 8:00 a 16:00, para tr\u00e1mites abreviados de secuestros comunes (retiro de veh\u00edculos de la v\u00eda p\u00fablica).<br><br>La Direcci\u00f3n de Defunciones trabajar\u00e1 con personal de guardia que atender\u00e1 de 7:00 a 19:00, en la oficina ubicada dentro del Palacio Municipal (acceso por calle 25 de Mayo 1178), priorizando inhumaciones, traslados e introducci\u00f3n de cenizas.<br><br>En tanto los cementerios San Juan Bautista, del barrio Virgen de los Dolores, y San Isidro Labrador, de Laguna Brava, estar\u00e1n abiertos de 7:00 a 17:00 para visitas e inhumaciones.<br><br>Los Paseos de Compras ubicados en \u201cEl Piso\u201d; la ex v\u00eda (Ram\u00f3n Carrillo y Lisandro Segovia), el Puerto y el Barrio San Ger\u00f3nimo, atender\u00e1n normalmente de 8:00 a 21:00. Otro tanto suceder\u00e1 con las Ferias de la Ciudad, que estar\u00e1n este mi\u00e9rcoles en la plaza Torrent, de 8:00 a 13:00.<br><br>Los puesteros del Mercado de Abasto (El Piso) atender\u00e1n el 9 de Julio, de 7:00 a 13:30, mientras que el Mercado de Productos Frescos estar\u00e1 cerrado.<br><br>La Subsecretar\u00eda de Turismo inform\u00f3 que los centros de servicios tur\u00edsticos funcionar\u00e1n ese d\u00eda en los siguientes lugares y horarios: plaza Vera, de 7:00 a 22:00; Terminal, de 8:00 a 20:00; Paseo de Compras del Puerto, de 7:00 a 21:30; y plaza Cabral, de 9:00 a 13:00 y 16:00 a 20:00.<br><br>Como es habitual, habr\u00e1 guardias en \u00e1reas operativas como Tr\u00e1nsito, Transporte, Guardia Urbana, Ambiente (barrido de calles) y el Servicio de Ambulancias Municipal (SAMUN).<br><br>Por su parte, la Subsecretar\u00eda de Transporte indic\u00f3 que el mi\u00e9rcoles no habr\u00e1 atenci\u00f3n en los puntos SUBE, y tampoco funcionar\u00e1 el sistema de estacionamiento medido.<br><br>Por el feriado nacional, no habr\u00e1 atenci\u00f3n en la Agencia Correntina de Recaudaci\u00f3n (ACOR); la Caja Municipal de Pr\u00e9stamos (CMP); el Centro Emisor de Licencias (CEL); las Salas de Atenci\u00f3n Primaria de la Salud (SAPS), y en el resto de las oficinas administrativas municipales, que volver\u00e1n a abrir sus puertas al p\u00fablico el jueves 10 de julio.<\/p>\n","protected":false},"excerpt":{"rendered":"<p>La recolecci\u00f3n de residuos se realizar\u00e1 en las zonas y horarios habituales. Habr\u00e1 guardias en \u00e1reas operativas, y el resto de las oficinas administrativas no atender\u00e1n al p\u00fablico. La Municipalidad&hellip; <\/p>\n","protected":false},"author":3,"featured_media":216294,"comment_status":"closed","ping_status":"open","sticky":false,"template":"","format":"standard","meta":{"footnotes":""},"categories":[23],"tags":[],"class_list":["post-216285","post","type-post","status-publish","format-standard","has-post-thumbnail","hentry","category-actualidad"],"_links":{"self":[{"href":"https:\/\/corrientesdetarde.com\/index.php\/wp-json\/wp\/v2\/posts\/216285","targetHints":{"allow":["GET"]}}],"collection":[{"href":"https:\/\/corrientesdetarde.com\/index.php\/wp-json\/wp\/v2\/posts"}],"about":[{"href":"https:\/\/corrientesdetarde.com\/index.php\/wp-json\/wp\/v2\/types\/post"}],"author":[{"embeddable":true,"href":"https:\/\/corrientesdetarde.com\/index.php\/wp-json\/wp\/v2\/users\/3"}],"replies":[{"embeddable":true,"href":"https:\/\/corrientesdetarde.com\/index.php\/wp-json\/wp\/v2\/comments?post=216285"}],"version-history":[{"count":1,"href":"https:\/\/corrientesdetarde.com\/index.php\/wp-json\/wp\/v2\/posts\/216285\/revisions"}],"predecessor-version":[{"id":216317,"href":"https:\/\/corrientesdetarde.com\/index.php\/wp-json\/wp\/v2\/posts\/216285\/revisions\/216317"}],"wp:featuredmedia":[{"embeddable":true,"href":"https:\/\/corrientesdetarde.com\/index.php\/wp-json\/wp\/v2\/media\/216294"}],"wp:attachment":[{"href":"https:\/\/corrientesdetarde.com\/index.php\/wp-json\/wp\/v2\/media?parent=216285"}],"wp:term":[{"taxonomy":"category","embeddable":true,"href":"https:\/\/corrientesdetarde.com\/index.php\/wp-json\/wp\/v2\/categories?post=216285"},{"taxonomy":"post_tag","embeddable":true,"href":"https:\/\/corrientesdetarde.com\/index.php\/wp-json\/wp\/v2\/tags?post=216285"}],"curies":[{"name":"wp","href":"https:\/\/api.w.org\/{rel}","templated":true}]}}