{"id":216287,"date":"2025-07-08T09:00:14","date_gmt":"2025-07-08T12:00:14","guid":{"rendered":"https:\/\/corrientesdetarde.com\/?p=216287"},"modified":"2025-07-08T09:00:16","modified_gmt":"2025-07-08T12:00:16","slug":"la-feria-provincial-del-libro-dedicara-un-dia-a-buenavista-pueblo-literario-creado-por-gabriel-ceballos","status":"publish","type":"post","link":"https:\/\/corrientesdetarde.com\/index.php\/destacados\/la-feria-provincial-del-libro-dedicara-un-dia-a-buenavista-pueblo-literario-creado-por-gabriel-ceballos\/","title":{"rendered":"La Feria Provincial del Libro dedicar\u00e1 un d\u00eda a \u201cBuenavista\u201d, pueblo literario creado por Gabriel Ceballos"},"content":{"rendered":"\n<p>El Gobierno de la Provincia, a trav\u00e9s del Instituto de Cultura, trabaja en los \u00faltimos detalles organizativos para el inicio de la 15\u00aa Feria Provincial del Libro, a desarrollarse del 9 al 18 de julio en Galer\u00eda Col\u00f3n y el Colegio Salesiano. Entre las m\u00faltiples propuestas que tendr\u00e1 este encuentro entre escritores y lectores, se destaca el d\u00eda dedicado a \u201cBuenavista\u201d, cuando se cumplen 40 a\u00f1os desde que el escritor Jos\u00e9 Gabriel Ceballos cre\u00f3 este pueblo literario.<\/p>\n\n\n\n<p>\u201cEl mi\u00e9rcoles 9 de julio, a las 18, vamos a estar inaugurando la Feria Provincial del Libro que brindar\u00e1 una amplia oferta editorial y propuestas para todas las edades. Y como parte de la atractiva programaci\u00f3n prevista, el s\u00e1bado 12 vamos a tener un d\u00eda especialmente dedicado al pueblo literario Buenavista, creado hace 40 a\u00f1os por el escritor Jos\u00e9 Gabriel Ceballos. La jornada cerrar\u00e1 con la presentaci\u00f3n de su libro &#8220;El poeta del odio\u201d, se\u00f1al\u00f3 la presidente del Instituto de Cultura de Corrientes, Beatriz Kunin.<\/p>\n\n\n\n<p>El homenaje a los 40 a\u00f1os de Buenavista incluir\u00e1 charlas, paneles, mesas de reflexi\u00f3n y lectura de poemas. En todos los casos, destacados autores correntinos y de distintos puntos del pa\u00eds abordar\u00e1n la obra de Ceballos desde diversos ejes tem\u00e1ticos.<\/p>\n\n\n\n<p>Adem\u00e1s, todas las salas de esta nueva edici\u00f3n de la Feria Provincial del Libro llevar\u00e1n nombres de personas que son protagonistas de este universo literario. Los poetas Ceferino Miranda y V\u00e9spero Trinidad, el fil\u00f3sofo Benjam\u00edn Balbuena, el artista pl\u00e1stico Herminio Paredes y el padre Basilio.<\/p>\n\n\n\n<p>ESCRITORES<\/p>\n\n\n\n<p>Las actividades dar\u00e1n inicio el s\u00e1bado 12 de julio, a las 16, en la sala V\u00e9spero Trinidad (Colegio Salesiano) con la mesa &#8220;El lugar de Buenavista en la literatura&#8221;. En este caso, formar\u00e1n parte del panel: Stella Maris Folguer\u00e1, Pilar Romano y Gustavo S\u00e1nchez Mari\u00f1o.<\/p>\n\n\n\n<p>Luego, a las 16,30, se llevar\u00e1 adelante en este mismo espacio la charla &#8220;Micropol\u00edticas en Buenavista, un enfoque desde la perspectiva de Gilles Deleuze&#8221;, a cargo de Alfredo Vara. Y le seguir\u00e1, a las 17, la charla &#8220;El feminismo de un cuento de Buenavista&#8221; por Mabel Pagano.<\/p>\n\n\n\n<p>A las 17,30, se realizar\u00e1 la lectura de poemas a cargo de Juan Meneguin y Enrique Butti, en homenaje a Don Ceferino Miranda, poeta mayor de Buenavista. Mientras tanto, a las 18, tendr\u00e1 lugar la charla: &#8220;Campo, parajes y pueblos en la literatura&#8221;, por Cristina Iglesia.<\/p>\n\n\n\n<p>Finalmente, a las 18:30, se concretar\u00e1 el panel: &#8220;Escribir desde una identidad territorial&#8221; con la participaci\u00f3n de los destacados escritores Mariano Quiros, Fabian Sober\u00f3n y Ernestina Perrens.<\/p>\n\n\n\n<p>LIBRO Y M\u00daSICA<\/p>\n\n\n\n<p>Esta jornada finalizar\u00e1 con la presentaci\u00f3n del libro \u201cEl poeta del odio\u201d (Colecci\u00f3n Claroscuros, Moglia Ediciones), d\u00e9cimo volumen de la saga de Jos\u00e9 Gabriel Ceballos, quien dialogar\u00e1 con la periodista Mariela Mioni.<\/p>\n\n\n\n<p>Esta actividad de cierre se desarrollar\u00e1, a las 19, en el auditorio Ceferino Miranda en Galer\u00eda Col\u00f3n, y tendr\u00e1 un cierre musical que combinar\u00e1 el jazz y el chamam\u00e9. Se presentar\u00e1n el chaque\u00f1o Coqui Ortiz y se sumar\u00e1 Doctor Jazz, The Medicine, liderado por Ruben Sosa.<\/p>\n","protected":false},"excerpt":{"rendered":"<p>El Gobierno de la Provincia, a trav\u00e9s del Instituto de Cultura, trabaja en los \u00faltimos detalles organizativos para el inicio de la 15\u00aa Feria Provincial del Libro, a desarrollarse del&hellip; <\/p>\n","protected":false},"author":3,"featured_media":216295,"comment_status":"closed","ping_status":"open","sticky":false,"template":"","format":"standard","meta":{"footnotes":""},"categories":[26],"tags":[],"class_list":["post-216287","post","type-post","status-publish","format-standard","has-post-thumbnail","hentry","category-destacados"],"_links":{"self":[{"href":"https:\/\/corrientesdetarde.com\/index.php\/wp-json\/wp\/v2\/posts\/216287","targetHints":{"allow":["GET"]}}],"collection":[{"href":"https:\/\/corrientesdetarde.com\/index.php\/wp-json\/wp\/v2\/posts"}],"about":[{"href":"https:\/\/corrientesdetarde.com\/index.php\/wp-json\/wp\/v2\/types\/post"}],"author":[{"embeddable":true,"href":"https:\/\/corrientesdetarde.com\/index.php\/wp-json\/wp\/v2\/users\/3"}],"replies":[{"embeddable":true,"href":"https:\/\/corrientesdetarde.com\/index.php\/wp-json\/wp\/v2\/comments?post=216287"}],"version-history":[{"count":1,"href":"https:\/\/corrientesdetarde.com\/index.php\/wp-json\/wp\/v2\/posts\/216287\/revisions"}],"predecessor-version":[{"id":216318,"href":"https:\/\/corrientesdetarde.com\/index.php\/wp-json\/wp\/v2\/posts\/216287\/revisions\/216318"}],"wp:featuredmedia":[{"embeddable":true,"href":"https:\/\/corrientesdetarde.com\/index.php\/wp-json\/wp\/v2\/media\/216295"}],"wp:attachment":[{"href":"https:\/\/corrientesdetarde.com\/index.php\/wp-json\/wp\/v2\/media?parent=216287"}],"wp:term":[{"taxonomy":"category","embeddable":true,"href":"https:\/\/corrientesdetarde.com\/index.php\/wp-json\/wp\/v2\/categories?post=216287"},{"taxonomy":"post_tag","embeddable":true,"href":"https:\/\/corrientesdetarde.com\/index.php\/wp-json\/wp\/v2\/tags?post=216287"}],"curies":[{"name":"wp","href":"https:\/\/api.w.org\/{rel}","templated":true}]}}