{"id":216289,"date":"2025-07-08T09:00:17","date_gmt":"2025-07-08T12:00:17","guid":{"rendered":"https:\/\/corrientesdetarde.com\/?p=216289"},"modified":"2025-07-08T09:00:18","modified_gmt":"2025-07-08T12:00:18","slug":"una-gran-noche-de-boxeo-se-vivio-en-la-secretaria-de-deportes-de-la-provincia","status":"publish","type":"post","link":"https:\/\/corrientesdetarde.com\/index.php\/deportes\/una-gran-noche-de-boxeo-se-vivio-en-la-secretaria-de-deportes-de-la-provincia\/","title":{"rendered":"Una gran noche de boxeo se vivi\u00f3 en la Secretar\u00eda de Deportes de la Provincia"},"content":{"rendered":"\n<p>La Secretar\u00eda de Deportes de la Provincia fue escenario de un emocionante evento pugil\u00edstico que cont\u00f3 con el apoyo de la instituci\u00f3n y reuni\u00f3 a destacados talentos del boxeo. La velada fue por el t\u00edtulo S\u00faper Gallo Cono Sur de la Asociaci\u00f3n Mundial de Boxeo (AMB), con protagonistas de distintas provincias.<\/p>\n\n\n\n<p>En el combate principal, Francisco Gopar, representante de Corrientes, enfrent\u00f3 a Daniel Rosales de Santiago del Estero. La pelea, que atrajo a un importante marco de p\u00fablico, se defini\u00f3 en el tercer round, cuando el santiague\u00f1o Rosales se consagr\u00f3 campe\u00f3n tras un nocaut t\u00e9cnico.<\/p>\n\n\n\n<p>Gopar, que llegaba con un r\u00e9cord de 15 peleas (11 victorias, 1 por KO, 3 derrotas, 2 por KO, y 1 empate), sufri\u00f3 una hemorragia nasal que le impidi\u00f3 continuar, seg\u00fan lo establecido por el reglamento, tras recibir el informe m\u00e9dico.<\/p>\n\n\n\n<p>Por su parte, en la pelea de semifondo, Alejandro Taibo, de Curuz\u00fa Cuati\u00e1, logr\u00f3 una victoria tras un fallo dividido ante Alex Mesa de Resistencia. Adem\u00e1s, las peleas amateur tambi\u00e9n aportaron emoci\u00f3n a la noche: Juan Gabriel Contreras de Goya venci\u00f3 por puntos a Joel Iv\u00e1n Meza; Ra\u00fal Ezequiel Ch\u00e1vez, de Goya, super\u00f3 a Ram\u00f3n Nahuel Insaurralde de Corrientes; y Ulises Fretes, de la capital, venci\u00f3 por puntos a Emanuel Bassi.<\/p>\n\n\n\n<p>El evento cont\u00f3 con la presencia del promotor Juan Brignone y representantes de la Federaci\u00f3n Argentina de Boxeo, quienes destacaron la calidad y el esp\u00edritu competitivo de la velada, consolidando as\u00ed una noche llena de acci\u00f3n y talento en el ring.<\/p>\n","protected":false},"excerpt":{"rendered":"<p>La Secretar\u00eda de Deportes de la Provincia fue escenario de un emocionante evento pugil\u00edstico que cont\u00f3 con el apoyo de la instituci\u00f3n y reuni\u00f3 a destacados talentos del boxeo. La&hellip; <\/p>\n","protected":false},"author":3,"featured_media":216296,"comment_status":"closed","ping_status":"open","sticky":false,"template":"","format":"standard","meta":{"footnotes":""},"categories":[4],"tags":[],"class_list":["post-216289","post","type-post","status-publish","format-standard","has-post-thumbnail","hentry","category-deportes"],"_links":{"self":[{"href":"https:\/\/corrientesdetarde.com\/index.php\/wp-json\/wp\/v2\/posts\/216289","targetHints":{"allow":["GET"]}}],"collection":[{"href":"https:\/\/corrientesdetarde.com\/index.php\/wp-json\/wp\/v2\/posts"}],"about":[{"href":"https:\/\/corrientesdetarde.com\/index.php\/wp-json\/wp\/v2\/types\/post"}],"author":[{"embeddable":true,"href":"https:\/\/corrientesdetarde.com\/index.php\/wp-json\/wp\/v2\/users\/3"}],"replies":[{"embeddable":true,"href":"https:\/\/corrientesdetarde.com\/index.php\/wp-json\/wp\/v2\/comments?post=216289"}],"version-history":[{"count":1,"href":"https:\/\/corrientesdetarde.com\/index.php\/wp-json\/wp\/v2\/posts\/216289\/revisions"}],"predecessor-version":[{"id":216319,"href":"https:\/\/corrientesdetarde.com\/index.php\/wp-json\/wp\/v2\/posts\/216289\/revisions\/216319"}],"wp:featuredmedia":[{"embeddable":true,"href":"https:\/\/corrientesdetarde.com\/index.php\/wp-json\/wp\/v2\/media\/216296"}],"wp:attachment":[{"href":"https:\/\/corrientesdetarde.com\/index.php\/wp-json\/wp\/v2\/media?parent=216289"}],"wp:term":[{"taxonomy":"category","embeddable":true,"href":"https:\/\/corrientesdetarde.com\/index.php\/wp-json\/wp\/v2\/categories?post=216289"},{"taxonomy":"post_tag","embeddable":true,"href":"https:\/\/corrientesdetarde.com\/index.php\/wp-json\/wp\/v2\/tags?post=216289"}],"curies":[{"name":"wp","href":"https:\/\/api.w.org\/{rel}","templated":true}]}}