{"id":216303,"date":"2025-07-08T10:02:33","date_gmt":"2025-07-08T13:02:33","guid":{"rendered":"https:\/\/corrientesdetarde.com\/?p=216303"},"modified":"2025-07-08T10:02:35","modified_gmt":"2025-07-08T13:02:35","slug":"un-20-de-la-poblacion-adulta-sufre-de-alergias-en-argentina","status":"publish","type":"post","link":"https:\/\/corrientesdetarde.com\/index.php\/bienestar-y-salud\/un-20-de-la-poblacion-adulta-sufre-de-alergias-en-argentina\/","title":{"rendered":"Un 20% de la poblaci\u00f3n adulta sufre de alergias en Argentina"},"content":{"rendered":"\n<p>En el D\u00eda Mundial de la Alergia los especialistas alertan sobre los s\u00edntomas que pueden ser muy variados y afectar distintas partes del cuerpo.<\/p>\n\n\n\n<p>La alergia es una reacci\u00f3n an\u00f3mala del sistema inmunol\u00f3gico frente a sustancias externas conocidas como al\u00e9rgenos, tales como el polen, los \u00e1caros del polvo, ciertos alimentos, medicamentos o animales. Lejos de ser una condici\u00f3n menor, las alergias van en aumento a\u00f1o tras a\u00f1o.<\/p>\n\n\n\n<p>Se estima que m\u00e1s de 8 millones de personas viven con alg\u00fan tipo de alergia, de acuerdo a la Asociaci\u00f3n Argentina de Alergia (AAAeIC) y, seg\u00fan datos de la Organizaci\u00f3n Mundial de la Salud (OMS), m\u00e1s del 30% de la poblaci\u00f3n mundial podr\u00eda presentar alguna manifestaci\u00f3n al\u00e9rgica. Entre las causas que podr\u00edan explicar este crecimiento se encuentran la predisposici\u00f3n gen\u00e9tica, el cambio clim\u00e1tico y la contaminaci\u00f3n ambiental.<\/p>\n\n\n\n<p>&#8220;En Argentina, los p\u00f3lenes que generan con mayor frecuencia s\u00edntomas al\u00e9rgicos son los de las gram\u00edneas, el olivo, el \u00e1rbol del pl\u00e1tano y las cupres\u00e1ceas. En cuanto a los alimentos, los m\u00e1s asociados a reacciones al\u00e9rgicas en la infancia son la leche y el huevo, mientras que en adultos predominan los frutos secos, los mariscos y ciertos alimentos de origen vegetal. Tambi\u00e9n existen reacciones a medicamentos, especialmente a los antiinflamatorios no esteroideos y a los antibi\u00f3ticos del grupo de los beta-lact\u00e1micos, como la penicilina&#8221;, se\u00f1al\u00f3 la Dra. Valeria El Haj.<\/p>\n\n\n\n<p>Los s\u00edntomas pueden ser muy variados y afectar distintas partes del cuerpo: en la nariz se manifiestan con goteo, congesti\u00f3n, estornudos y picaz\u00f3n; en los ojos con enrojecimiento, lagrimeo y sensaci\u00f3n de arenilla; en la piel con erupciones, urticaria, ampollas o inflamaci\u00f3n de labios y p\u00e1rpados. Tambi\u00e9n puede haber s\u00edntomas respiratorios como tos, sibilancias o dificultad para respirar; s\u00edntomas gastrointestinales como dolor abdominal, v\u00f3mitos o diarrea; molestias musculares o debilidad generalizada; picaz\u00f3n en la garganta e irritaci\u00f3n en los o\u00eddos.<\/p>\n\n\n\n<p>&#8220;En casos m\u00e1s graves, la reacci\u00f3n al\u00e9rgica puede derivar en una crisis severa o shock anafil\u00e1ctico, caracterizado por inflamaci\u00f3n generalizada, dificultad respiratoria, ca\u00edda de la presi\u00f3n arterial, p\u00e9rdida de conciencia y, en ausencia de atenci\u00f3n inmediata, riesgo de muerte&#8221;, asegur\u00f3 la directora m\u00e9dica de Ospedyc.<\/p>\n\n\n\n<p>La detecci\u00f3n temprana es fundamental para poder tratar y controlar esta condici\u00f3n. Para ello, el alergista puede indicar pruebas cut\u00e1neas como el &#8220;prick test&#8221;, en las que se aplica una peque\u00f1a cantidad del al\u00e9rgeno sobre la piel del antebrazo para observar la reacci\u00f3n.<\/p>\n\n\n\n<p>Tambi\u00e9n se pueden realizar an\u00e1lisis de sangre que miden los niveles de anticuerpos IgE (inmunoglobulina E) espec\u00edficos. Los anticuerpos IgE son prote\u00ednas que produce el sistema inmunol\u00f3gico en respuesta a sustancias que reconoce como una amenaza, como ciertos al\u00e9rgenos. Estos estudios permiten confirmar el diagn\u00f3stico y orientar el tratamiento m\u00e1s adecuado para cada paciente.<\/p>\n\n\n\n<figure class=\"wp-block-image\"><img decoding=\"async\" src=\"https:\/\/www.diarioepoca.com\/content\/bucket\/3\/1437903w380h253c.jpg.webp\" alt=\"\"\/><\/figure>\n\n\n\n<p>La experta indic\u00f3 adem\u00e1s: &#8220;El abordaje terap\u00e9utico depender\u00e1 del tipo y la severidad de la alergia. Puede incluir el uso de antihistam\u00ednicos, colirios, sprays nasales, corticoides t\u00f3picos, inhaladores o inmunoterapia espec\u00edfica. Esta \u00faltima, es el \u00fanico tratamiento que puede modificar el curso de la enfermedad y debe ser indicado y supervisado por profesionales especializados. En los \u00faltimos a\u00f1os, se han desarrollado tratamientos m\u00e1s avanzados como la desensibilizaci\u00f3n a medicamentos o alimentos, una estrategia \u00fatil para personas con alergias graves que deben ser cuidadosamente tratadas en centros especializados&#8221;.<\/p>\n\n\n\n<p>Si bien no todas las alergias se pueden prevenir, es posible reducir la exposici\u00f3n a los al\u00e9rgenos y minimizar los s\u00edntomas. Algunas medidas incluyen evitar actividades al aire libre los d\u00edas con alta concentraci\u00f3n de polen, usar gafas de sol y mascarilla, cambiarse de ropa y ducharse al regresar a casa, mantener los ambientes limpios y ventilados, utilizar aspiradoras con filtros especiales, evitar tener mascotas o plantas en los dormitorios y portar una identificaci\u00f3n m\u00e9dica en caso de tener alergias alimentarias o medicamentosas.<\/p>\n\n\n\n<p>&#8220;En todos los casos, ante la sospecha de una reacci\u00f3n al\u00e9rgica, es fundamental consultar a un m\u00e9dico especialista que pueda realizar una evaluaci\u00f3n cl\u00ednica, indicar los estudios necesarios e iniciar un tratamiento personalizado. Vivir con alergia es posible, siempre y cuando se cuente con el diagn\u00f3stico correcto, el seguimiento profesional y los cuidados necesarios para prevenir complicaciones&#8221;, concluy\u00f3 la Dra. El Haj.<\/p>\n","protected":false},"excerpt":{"rendered":"<p>En el D\u00eda Mundial de la Alergia los especialistas alertan sobre los s\u00edntomas que pueden ser muy variados y afectar distintas partes del cuerpo. La alergia es una reacci\u00f3n an\u00f3mala&hellip; <\/p>\n","protected":false},"author":3,"featured_media":216313,"comment_status":"closed","ping_status":"open","sticky":false,"template":"","format":"standard","meta":{"footnotes":""},"categories":[16],"tags":[],"class_list":["post-216303","post","type-post","status-publish","format-standard","has-post-thumbnail","hentry","category-bienestar-y-salud"],"_links":{"self":[{"href":"https:\/\/corrientesdetarde.com\/index.php\/wp-json\/wp\/v2\/posts\/216303","targetHints":{"allow":["GET"]}}],"collection":[{"href":"https:\/\/corrientesdetarde.com\/index.php\/wp-json\/wp\/v2\/posts"}],"about":[{"href":"https:\/\/corrientesdetarde.com\/index.php\/wp-json\/wp\/v2\/types\/post"}],"author":[{"embeddable":true,"href":"https:\/\/corrientesdetarde.com\/index.php\/wp-json\/wp\/v2\/users\/3"}],"replies":[{"embeddable":true,"href":"https:\/\/corrientesdetarde.com\/index.php\/wp-json\/wp\/v2\/comments?post=216303"}],"version-history":[{"count":1,"href":"https:\/\/corrientesdetarde.com\/index.php\/wp-json\/wp\/v2\/posts\/216303\/revisions"}],"predecessor-version":[{"id":216326,"href":"https:\/\/corrientesdetarde.com\/index.php\/wp-json\/wp\/v2\/posts\/216303\/revisions\/216326"}],"wp:featuredmedia":[{"embeddable":true,"href":"https:\/\/corrientesdetarde.com\/index.php\/wp-json\/wp\/v2\/media\/216313"}],"wp:attachment":[{"href":"https:\/\/corrientesdetarde.com\/index.php\/wp-json\/wp\/v2\/media?parent=216303"}],"wp:term":[{"taxonomy":"category","embeddable":true,"href":"https:\/\/corrientesdetarde.com\/index.php\/wp-json\/wp\/v2\/categories?post=216303"},{"taxonomy":"post_tag","embeddable":true,"href":"https:\/\/corrientesdetarde.com\/index.php\/wp-json\/wp\/v2\/tags?post=216303"}],"curies":[{"name":"wp","href":"https:\/\/api.w.org\/{rel}","templated":true}]}}