{"id":216344,"date":"2025-07-08T16:21:00","date_gmt":"2025-07-08T19:21:00","guid":{"rendered":"https:\/\/corrientesdetarde.com\/?p=216344"},"modified":"2025-07-08T16:38:30","modified_gmt":"2025-07-08T19:38:30","slug":"maximo-kirchner-massa-y-kicillof-acordaron-quienes-armaran-las-listas-en-los-municipios","status":"publish","type":"post","link":"https:\/\/corrientesdetarde.com\/index.php\/politica\/maximo-kirchner-massa-y-kicillof-acordaron-quienes-armaran-las-listas-en-los-municipios\/","title":{"rendered":"M\u00e1ximo Kirchner, Massa y Kicillof acordaron qui\u00e9nes armar\u00e1n las listas en los municipios."},"content":{"rendered":"\n<h2 class=\"wp-block-heading\">Los l\u00edderes se reunieron en La Plata a d\u00edas del cierre de alianzas. Los intendentes peronistas definir\u00e1n los candidatos en sus distritos, pero en los otros municipios se dar\u00e1 por consenso.<\/h2>\n\n\n\n<p>A una semana del plazo para inscribir alianzas,\u00a0<strong>Axel Kicillof<\/strong>\u00a0recibi\u00f3 este lunes en la Gobernaci\u00f3n a\u00a0<strong>Sergio Massa<\/strong>\u00a0y\u00a0<strong>M\u00e1ximo Kirchner<\/strong>, con quienes termin\u00f3 de sellar un\u00a0<strong>principio de acuerdo<\/strong>\u00a0sobre c\u00f3mo se definir\u00e1 el\u00a0<strong>armado de listas<\/strong>\u00a0en los\u00a0<strong>municipios bonaerenses<\/strong>.<\/p>\n\n\n\n<p>Donde gobierna el\u00a0<strong>peronismo<\/strong>, el\u00a0<strong>intendente<\/strong> tendr\u00e1 la potestad de confeccionar la\u00a0<strong>boleta local<\/strong>. En cambio, en los distritos que est\u00e1n en manos de la\u00a0<strong>oposici\u00f3n<\/strong>\u00a0se buscar\u00e1 consensuar una\u00a0<strong>lista de unidad<\/strong>\u00a0entre los distintos espacios.<\/p>\n\n\n\n<p>La de este lunes fue una reuni\u00f3n clave para el frente que, tras meses de&nbsp;<strong>cortocircuitos internos<\/strong>, atraviesa su recta final en medio de un fr\u00e1gil equilibrio. Lo acordado entre los tres dirigentes valida lo resuelto el s\u00e1bado en el&nbsp;<strong>Congreso del PJ bonaerense<\/strong>, donde se definieron los&nbsp;<strong>nombres&nbsp;<\/strong>que integrar\u00e1n los&nbsp;<strong>\u00f3rganos decisorios<\/strong>&nbsp;de la futura alianza, entre ellos referentes del&nbsp;<strong>Movimiento Derecho al Futuro&nbsp;<\/strong>del gobernador, que tendr\u00e1 representaci\u00f3n directa en esa estructura.<\/p>\n\n\n\n<p>A pesar del consenso, fuentes consultadas por este medio advirtieron que&nbsp;<strong>\u201cla hora de la verdad\u201d<\/strong>&nbsp;llegar\u00e1 cuando se escriba el&nbsp;<strong>reglamento&nbsp;<\/strong>que regir\u00e1 el funcionamiento del espacio.<\/p>\n\n\n\n<p>Aunque el centro del encuentro fue el armado electoral, la&nbsp;<strong>coyuntura econ\u00f3mica<\/strong>&nbsp;no estuvo ausente. Seg\u00fan trascendi\u00f3, se discuti\u00f3 la creciente&nbsp;<strong>preocupaci\u00f3n&nbsp;<\/strong>por los&nbsp;<strong>despidos<\/strong>&nbsp;y el cierre de f\u00e1bricas y pymes, la&nbsp;<strong>ca\u00edda del consumo<\/strong>, la&nbsp;<strong>crisis energ\u00e9tica<\/strong>, el&nbsp;<strong>desplome de la recaudaci\u00f3n<\/strong>&nbsp;y la falta de respuesta del Gobierno nacional a las demandas de las provincias. Tambi\u00e9n gener\u00f3 alarma la&nbsp;<strong>disoluci\u00f3n de Vialidad Nacional<\/strong>, ante la par\u00e1lisis de las obras y el deterioro de rutas claves para el interior bonaerense.<\/p>\n\n\n\n<p>En ese contexto, y frente a la imposibilidad de usar el nombre \u201cperonismo\u201d en las boletas, los equipos t\u00e9cnicos negocian por estas horas una&nbsp;<strong>nueva denominaci\u00f3n<\/strong>, que posiblemente contenga alguna referencia a un&nbsp;<strong>frente justicialista<\/strong>.<\/p>\n\n\n\n<p>Mientras tanto, se avanza en el&nbsp;<strong>sistema de firmas cruzadas<\/strong>&nbsp;para garantizar la&nbsp;<strong>representaci\u00f3n equitativa<\/strong>&nbsp;de todos los espacios a la hora de inscribir la alianza: al menos un&nbsp;<strong>delegado&nbsp;<\/strong>de cada sector deber\u00e1 estar presente, junto a&nbsp;<strong>M\u00e1ximo Kirchner&nbsp;<\/strong>como presidente del PJ bonaerense, al momento de sellar el frente.<\/p>\n\n\n\n<p>Pese a que desde todos los sectores se esfuerzan por exhibir gestos de unidad, persiste un\u00a0<strong>clima de desconfianza cruzada<\/strong>. Desde el\u00a0<strong>kirchnerismo duro<\/strong>\u00a0<strong>no le perdonan<\/strong>\u00a0a Kicillof haberle dicho dos veces que no a\u00a0<strong>Cristina Kirchner<\/strong>, mientras que en La Plata\u00a0<strong>temen una jugada de \u00faltimo momento<\/strong>\u00a0por parte de\u00a0<strong>La C\u00e1mpora<\/strong>.<\/p>\n\n\n\n<p>En paralelo, el\u00a0<strong>massismo\u00a0<\/strong>\u2014el actor m\u00e1s insistente en empujar la unidad desde el inicio del proceso\u2014 insiste en reclamar\u00a0<strong>\u201cgenerosidad\u201d<\/strong>\u00a0a todos los sectores para ordenar el cierre, especialmente en los distritos m\u00e1s disputados.<\/p>\n\n\n\n<p>Las partes coinciden en que la integraci\u00f3n de las listas deber\u00e1 reflejar un<strong>\u00a0acuerdo entre todos los sectores\u00a0<\/strong>del frente y garantizar el\u00a0<strong>respeto por las minor\u00edas<\/strong>. Pero nadie se atreve a asegurar que no haya tensiones mayores ni alguna sorpresa antes del vencimiento del plazo, el pr\u00f3ximo mi\u00e9rcoles. Todos, por las dudas, ya tienen su\u00a0<strong>plan B<\/strong>.<\/p>\n\n\n\n<p><\/p>\n\n\n\n<p><em>Fuente: Todo Noticias.<\/em><\/p>\n","protected":false},"excerpt":{"rendered":"<p>Los l\u00edderes se reunieron en La Plata a d\u00edas del cierre de alianzas. Los intendentes peronistas definir\u00e1n los candidatos en sus distritos, pero en los otros municipios se dar\u00e1 por&hellip; <\/p>\n","protected":false},"author":6,"featured_media":216346,"comment_status":"closed","ping_status":"open","sticky":false,"template":"","format":"standard","meta":{"footnotes":""},"categories":[3],"tags":[],"class_list":["post-216344","post","type-post","status-publish","format-standard","has-post-thumbnail","hentry","category-politica"],"_links":{"self":[{"href":"https:\/\/corrientesdetarde.com\/index.php\/wp-json\/wp\/v2\/posts\/216344","targetHints":{"allow":["GET"]}}],"collection":[{"href":"https:\/\/corrientesdetarde.com\/index.php\/wp-json\/wp\/v2\/posts"}],"about":[{"href":"https:\/\/corrientesdetarde.com\/index.php\/wp-json\/wp\/v2\/types\/post"}],"author":[{"embeddable":true,"href":"https:\/\/corrientesdetarde.com\/index.php\/wp-json\/wp\/v2\/users\/6"}],"replies":[{"embeddable":true,"href":"https:\/\/corrientesdetarde.com\/index.php\/wp-json\/wp\/v2\/comments?post=216344"}],"version-history":[{"count":2,"href":"https:\/\/corrientesdetarde.com\/index.php\/wp-json\/wp\/v2\/posts\/216344\/revisions"}],"predecessor-version":[{"id":216349,"href":"https:\/\/corrientesdetarde.com\/index.php\/wp-json\/wp\/v2\/posts\/216344\/revisions\/216349"}],"wp:featuredmedia":[{"embeddable":true,"href":"https:\/\/corrientesdetarde.com\/index.php\/wp-json\/wp\/v2\/media\/216346"}],"wp:attachment":[{"href":"https:\/\/corrientesdetarde.com\/index.php\/wp-json\/wp\/v2\/media?parent=216344"}],"wp:term":[{"taxonomy":"category","embeddable":true,"href":"https:\/\/corrientesdetarde.com\/index.php\/wp-json\/wp\/v2\/categories?post=216344"},{"taxonomy":"post_tag","embeddable":true,"href":"https:\/\/corrientesdetarde.com\/index.php\/wp-json\/wp\/v2\/tags?post=216344"}],"curies":[{"name":"wp","href":"https:\/\/api.w.org\/{rel}","templated":true}]}}