{"id":216359,"date":"2025-07-08T17:00:58","date_gmt":"2025-07-08T20:00:58","guid":{"rendered":"https:\/\/corrientesdetarde.com\/?p=216359"},"modified":"2025-07-08T17:01:02","modified_gmt":"2025-07-08T20:01:02","slug":"las-ausencias-en-el-acto-del-9-de-julio-en-tucuman","status":"publish","type":"post","link":"https:\/\/corrientesdetarde.com\/index.php\/politica\/las-ausencias-en-el-acto-del-9-de-julio-en-tucuman\/","title":{"rendered":"Las ausencias en el acto del 9 de julio en Tucum\u00e1n."},"content":{"rendered":"\n<h2 class=\"wp-block-heading\"><strong>El Presidente ce\u00f1ir\u00e1 su estad\u00eda a la tradicional Vigilia de la Independencia, en el Museo Casa Hist\u00f3rica. Permanecer\u00e1 en suelo tucumano menos de tres horas.<\/strong><\/h2>\n\n\n\n<p><strong>El gobierno de Tucum\u00e1n alist\u00f3 todo para conmemorar el 209\u00b0 aniversario del D\u00eda de la Independencia con el presidente Javier Milei, aunque su permanencia en la provincia se ce\u00f1ir\u00e1 de manera exclusiva a la Vigilia de la Independencia<\/strong>, en el Museo Nacional Casa Hist\u00f3rica. Hasta el momento solo han confirmado\u00a0la asistencia a la celebraci\u00f3n dos mandatarios provinciales, un n\u00famero que dista de los 18 que estuvieron en 2024, cuando se firm\u00f3 el Pacto de Mayo. Los recortes de fondos nacionales a las provincias y los incumplimientos de partidas prometidas parecieran haber hecho mella, por lo que ahora los jefes provinciales comenzaron a mostrar sus diferencias con la Casa Rosada.<\/p>\n\n\n\n<p>A diferencia de otros a\u00f1os, la confirmaci\u00f3n de Naci\u00f3n sobre la asistencia del jefe de Estado se produjo el viernes de la semana pasada. Es decir, a menos de una semana de la fecha patria. El fin de semana arrib\u00f3 a la provincia el personal de la Casa Militar, responsable de coordinar el operativo de seguridad durante la estad\u00eda del Presidente, que no superar\u00eda las tres horas.\u00a0<strong>Para el acto en el Museo Casa Hist\u00f3rica, de igual modo que el a\u00f1o pasado, no habr\u00e1 acceso al p\u00fablico ni para medios de comunicaci\u00f3n y la zona estar\u00e1 vallada<\/strong>. En los alrededores del solar hist\u00f3rico habr\u00e1 tres anillos de seguridad. Los m\u00e1s cercanos a cargo de fuerzas nacionales y el tercero, el externo, contempla la participaci\u00f3n de polic\u00edas tucumanos, se se\u00f1al\u00f3.<\/p>\n\n\n\n<p><strong>Seg\u00fan la agenda, el presidente Javier Milei llegar\u00e1 entre las 22 y las 22.30 al aeropuerto internacional Benjam\u00edn Matienzo.<\/strong>\u00a0All\u00ed lo esperar\u00e1 un helic\u00f3ptero que lo llevar\u00e1 hasta una zona contigua al Parque 9 de Julio, helipuerto desde el que se trasladar\u00e1 el veh\u00edculo hasta la Casa Hist\u00f3rica.<\/p>\n\n\n\n<p>La&nbsp;<strong>cadena nacional<\/strong>&nbsp;comenzar\u00e1 a la medianoche, con el Himno Nacional Argentino y continuar\u00e1 con la rendici\u00f3n de honores y la firma del libro de la Casa de Tucum\u00e1n. Sin embargo, no habr\u00e1 discurso del mandatario en esta oportunidad.<strong>&nbsp;El horario de regreso del vuelo est\u00e1 programado para las 1 de la madrugada.<\/strong><\/p>\n\n\n\n<p>El antecedente de la ausencia de Milei a los actos por el D\u00eda de la Bandera, el pasado 20 de junio, en Rosario, hab\u00eda generado incomodidad y malestar en la Casa de Gobierno tucumana. El gobernador&nbsp;<strong>Osvaldo Jaldo<\/strong>&nbsp;hab\u00eda estado de martes a jueves de la semana pasada en la Capital Federal, realizando gestiones oficiales, y retorn\u00f3 a la provincia sin la confirmaci\u00f3n de la visita. Por ello, en cuanto tuvo contacto con los medios, dispar\u00f3: \u201cTucum\u00e1n, el 9 de Julio, es la capital de la Rep\u00fablica Argentina y el presidente tiene que dar el mensaje desde ac\u00e1. No hay nada m\u00e1s importante\u201d.<\/p>\n\n\n\n<figure class=\"wp-block-image\"><img decoding=\"async\" src=\"https:\/\/media.ambito.com\/p\/d9a49fb384f37c461db4c72af1a4709b\/adjuntos\/239\/imagenes\/042\/439\/0042439039\/730x0\/smart\/el-pacto-mayo-se-firmo-el-9-julio-tucuman.jpg\" alt=\"Contraste: 18 gobernadores acompa\u00f1aron a Javier Milei el 9 de julio de 2024.\" title=\"Contraste: 18 gobernadores acompa\u00f1aron a Javier Milei el 9 de julio de 2024.\"\/><\/figure>\n\n\n\n<p>Contraste: 18 gobernadores acompa\u00f1aron a Javier Milei el 9 de julio de 2024.<\/p>\n\n\n\n<h2 class=\"wp-block-heading\">Acompa\u00f1amiento oficial<\/h2>\n\n\n\n<p>La foto de familia del 9 de Julio de 2024 en la Sala de la Jura de la Independencia, en la que el presidente Javier Milei estuvo rodeado de 18 gobernadores, interesados entonces por la firma del Pacto de Mayo, un acuerdo que se qued\u00f3 en los papeles y no produjo hechos concretos, distar\u00e1 de la que se espera para ma\u00f1ana. &#8220;Confirmaron su asistencia los gobernadores de Catamarca&nbsp;<strong>(Ra\u00fal Jalil<\/strong>) y el de Salta (<strong>Gustavo S\u00e1enz<\/strong>), con quienes tengo mayor di\u00e1logo porque integramos la misma regi\u00f3n&#8221;, inform\u00f3 este mediod\u00eda el gobernador Osvaldo Jaldo, en conferencia de prensa. Este medio supo que desde la Casa de Gobierno de Misiones se consult\u00f3 la agenda de actos, aunque no se confirm\u00f3 la asistencia&nbsp;<strong>Hugo Passalacqua<\/strong>.<\/p>\n\n\n\n<p>Desde Corrientes se indic\u00f3 a \u00c1mbito que el gobernador&nbsp;<strong>Gustavo Vald\u00e9s<\/strong>&nbsp;no asistir\u00e1 por tener su propia agenda de fecha patria, de igual modo que el mandatario de Neuqu\u00e9n,&nbsp;<strong>Ignacio Torres<\/strong>. Est\u00e1 descartada tambi\u00e9n la presencia del santafesino&nbsp;<strong>Maximiliano Pullaro<\/strong>, de gira oficial en EEUU. De manera extraoficial se se\u00f1al\u00f3 que acompa\u00f1ar\u00edan a Milei y Jaldo los mandatarios&nbsp;<strong>Carlos Sadir<\/strong>&nbsp;(Jujuy),&nbsp;<strong>Gerardo Zamora<\/strong>&nbsp;(Santiago del Estero),&nbsp;<strong>Rogelio Frigerio<\/strong>&nbsp;(Entre R\u00edos) y&nbsp;<strong>Rolando Figueroa<\/strong>&nbsp;(Neuqu\u00e9n), quienes se sumar\u00edan a los confirmados Jalil y S\u00e1enz. El resto todav\u00eda no respondi\u00f3 a las invitaciones y uno, de la zona de Cuyo, se excus\u00f3 en &#8220;problemas de vuelos&#8221; para llegar a tiempo.<\/p>\n\n\n\n<p>Est\u00e1 claro que\u00a0<strong>la deshilachada asistencia de los jefes provinciales es congruente con la distancia que han comenzado a manifestar los gobernadores con la Casa Rosada\u00a0<\/strong>y que se hizo evidente en la asistencia perfecta a la reuni\u00f3n del Consejo Federal de Inversiones (CFI), de hace dos semanas, cuando todos los mandatarios -incluido el jefe de Gobierno de CABA,\u00a0<strong>Jorge Macri<\/strong>&#8211; acordaron presentar dos proyectos de ley. Uno sobre la distribuci\u00f3n de los Aportes del Tesoro Nacional (ATN), y otro referido al reparto a las provincias de lo que Naci\u00f3n recauda por el impuesto a los combustibles.<\/p>\n\n\n\n<h2 class=\"wp-block-heading\">C\u00f3mo seguir\u00e1 en Tucum\u00e1n<\/h2>\n\n\n\n<p>Como todos los 9 de Julio Tucum\u00e1n es capital del pa\u00eds, tal cual se dispuso durante la gesti\u00f3n de expresidente Carlos Menem, ya fallecido. La celebraci\u00f3n comenzar\u00e1 a las 9.30 con el izamiento de la Bandera Nacional, en la plaza Independencia. Despu\u00e9s se distribuir\u00e1 el tradicional chocolate popular.<\/p>\n\n\n\n<p>A las 11 ser\u00e1 el Tedeum en la Iglesia Catedral, que ser\u00e1 oficiado por monse\u00f1or Carlos S\u00e1nchez y en el que se espera, como el a\u00f1o pasado, una homil\u00eda con un fuerte contenido social. Alrededor de las 13, en el Parque 9 de Julio, comenzar\u00e1 un desfile c\u00edvico militar del que participar\u00e1n efectivos de fuerzas nacionales y provinciales, instituciones educativas, carrozas aleg\u00f3ricas de municipios del interior, colectividades con sus vestimentas t\u00edpicas y agrupaciones gauchas. A las 14, arrancar\u00e1 el Festival de la Independencia, frente a la Casa de Gobierno.<\/p>\n","protected":false},"excerpt":{"rendered":"<p>El Presidente ce\u00f1ir\u00e1 su estad\u00eda a la tradicional Vigilia de la Independencia, en el Museo Casa Hist\u00f3rica. Permanecer\u00e1 en suelo tucumano menos de tres horas. El gobierno de Tucum\u00e1n alist\u00f3&hellip; <\/p>\n","protected":false},"author":6,"featured_media":216362,"comment_status":"closed","ping_status":"open","sticky":false,"template":"","format":"standard","meta":{"footnotes":""},"categories":[3],"tags":[],"class_list":["post-216359","post","type-post","status-publish","format-standard","has-post-thumbnail","hentry","category-politica"],"_links":{"self":[{"href":"https:\/\/corrientesdetarde.com\/index.php\/wp-json\/wp\/v2\/posts\/216359","targetHints":{"allow":["GET"]}}],"collection":[{"href":"https:\/\/corrientesdetarde.com\/index.php\/wp-json\/wp\/v2\/posts"}],"about":[{"href":"https:\/\/corrientesdetarde.com\/index.php\/wp-json\/wp\/v2\/types\/post"}],"author":[{"embeddable":true,"href":"https:\/\/corrientesdetarde.com\/index.php\/wp-json\/wp\/v2\/users\/6"}],"replies":[{"embeddable":true,"href":"https:\/\/corrientesdetarde.com\/index.php\/wp-json\/wp\/v2\/comments?post=216359"}],"version-history":[{"count":1,"href":"https:\/\/corrientesdetarde.com\/index.php\/wp-json\/wp\/v2\/posts\/216359\/revisions"}],"predecessor-version":[{"id":216363,"href":"https:\/\/corrientesdetarde.com\/index.php\/wp-json\/wp\/v2\/posts\/216359\/revisions\/216363"}],"wp:featuredmedia":[{"embeddable":true,"href":"https:\/\/corrientesdetarde.com\/index.php\/wp-json\/wp\/v2\/media\/216362"}],"wp:attachment":[{"href":"https:\/\/corrientesdetarde.com\/index.php\/wp-json\/wp\/v2\/media?parent=216359"}],"wp:term":[{"taxonomy":"category","embeddable":true,"href":"https:\/\/corrientesdetarde.com\/index.php\/wp-json\/wp\/v2\/categories?post=216359"},{"taxonomy":"post_tag","embeddable":true,"href":"https:\/\/corrientesdetarde.com\/index.php\/wp-json\/wp\/v2\/tags?post=216359"}],"curies":[{"name":"wp","href":"https:\/\/api.w.org\/{rel}","templated":true}]}}