{"id":216365,"date":"2025-07-08T17:09:00","date_gmt":"2025-07-08T20:09:00","guid":{"rendered":"https:\/\/corrientesdetarde.com\/?p=216365"},"modified":"2025-07-08T17:10:34","modified_gmt":"2025-07-08T20:10:34","slug":"rescatan-a-perros-del-hacinamiento-gracias-a-una-denuncia-anonima","status":"publish","type":"post","link":"https:\/\/corrientesdetarde.com\/index.php\/policiales\/rescatan-a-perros-del-hacinamiento-gracias-a-una-denuncia-anonima\/","title":{"rendered":"Rescatan a perros del hacinamiento gracias a una denuncia an\u00f3nima."},"content":{"rendered":"\n<h2 class=\"wp-block-heading\">Tras una denuncia an\u00f3nima al 147, la Municipalidad intervino junto a la Polic\u00eda y la Red de Rescatistas. Los animales estaban hacinados y sin atenci\u00f3n veterinaria.<\/h2>\n\n\n\n<p>M\u00e1s de 15 perros fueron rescatados de una vivienda en el barrio 17 de Agosto de la ciudad de Corrientes, tras una denuncia an\u00f3nima que alert\u00f3 sobre el hacinamiento y las malas condiciones de salud en las que se encontraban los animales. La intervenci\u00f3n se dio en el marco de la Ley de Protecci\u00f3n Animal, con la participaci\u00f3n de la Direcci\u00f3n de Bienestar Animal, la Polic\u00eda de Corrientes y la Red de Rescatistas.<\/p>\n\n\n\n<p>&#8220;El pasado jueves entr\u00f3 el reclamo al 147. Al d\u00eda siguiente fuimos a verificar y nos encontramos con m\u00e1s de 15 animales en malas condiciones. Intentamos hablar con el propietario, pero se neg\u00f3. Hicimos la denuncia con la persona que reclam\u00f3, que se ofreci\u00f3 de inmediato. Reci\u00e9n el lunes a las 18 logramos la orden de allanamiento y procedimos al rescate&#8221;, detall\u00f3 Eduardo Osuna, director de Bienestar Animal.<\/p>\n\n\n\n<p>El operativo permiti\u00f3 rescatar 17 perros de raza mestiza y de tama\u00f1o mediano a chico. La Red de Rescatistas se encargar\u00e1 ahora de su atenci\u00f3n veterinaria, tr\u00e1nsito y b\u00fasqueda de adopci\u00f3n responsable.<\/p>\n\n\n\n<p>Seg\u00fan Osuna, ya hab\u00edan visitado esa casa el a\u00f1o pasado cuando fueron por otro caso de maltrato en la cuadra. En aquella ocasi\u00f3n, tambi\u00e9n se ofreci\u00f3 castraci\u00f3n y asistencia, pero la due\u00f1a del lugar rechaz\u00f3 la ayuda. Actualmente, no existe ninguna ordenanza que obligue a castrar a los animales, aunque desde la Municipalidad insisten con campa\u00f1as de concientizaci\u00f3n y servicios gratuitos.<\/p>\n","protected":false},"excerpt":{"rendered":"<p>Tras una denuncia an\u00f3nima al 147, la Municipalidad intervino junto a la Polic\u00eda y la Red de Rescatistas. Los animales estaban hacinados y sin atenci\u00f3n veterinaria. M\u00e1s de 15 perros&hellip; <\/p>\n","protected":false},"author":6,"featured_media":216368,"comment_status":"closed","ping_status":"open","sticky":false,"template":"","format":"standard","meta":{"footnotes":""},"categories":[33],"tags":[],"class_list":["post-216365","post","type-post","status-publish","format-standard","has-post-thumbnail","hentry","category-policiales"],"_links":{"self":[{"href":"https:\/\/corrientesdetarde.com\/index.php\/wp-json\/wp\/v2\/posts\/216365","targetHints":{"allow":["GET"]}}],"collection":[{"href":"https:\/\/corrientesdetarde.com\/index.php\/wp-json\/wp\/v2\/posts"}],"about":[{"href":"https:\/\/corrientesdetarde.com\/index.php\/wp-json\/wp\/v2\/types\/post"}],"author":[{"embeddable":true,"href":"https:\/\/corrientesdetarde.com\/index.php\/wp-json\/wp\/v2\/users\/6"}],"replies":[{"embeddable":true,"href":"https:\/\/corrientesdetarde.com\/index.php\/wp-json\/wp\/v2\/comments?post=216365"}],"version-history":[{"count":1,"href":"https:\/\/corrientesdetarde.com\/index.php\/wp-json\/wp\/v2\/posts\/216365\/revisions"}],"predecessor-version":[{"id":216369,"href":"https:\/\/corrientesdetarde.com\/index.php\/wp-json\/wp\/v2\/posts\/216365\/revisions\/216369"}],"wp:featuredmedia":[{"embeddable":true,"href":"https:\/\/corrientesdetarde.com\/index.php\/wp-json\/wp\/v2\/media\/216368"}],"wp:attachment":[{"href":"https:\/\/corrientesdetarde.com\/index.php\/wp-json\/wp\/v2\/media?parent=216365"}],"wp:term":[{"taxonomy":"category","embeddable":true,"href":"https:\/\/corrientesdetarde.com\/index.php\/wp-json\/wp\/v2\/categories?post=216365"},{"taxonomy":"post_tag","embeddable":true,"href":"https:\/\/corrientesdetarde.com\/index.php\/wp-json\/wp\/v2\/tags?post=216365"}],"curies":[{"name":"wp","href":"https:\/\/api.w.org\/{rel}","templated":true}]}}