{"id":216382,"date":"2025-07-08T17:49:00","date_gmt":"2025-07-08T20:49:00","guid":{"rendered":"https:\/\/corrientesdetarde.com\/?p=216382"},"modified":"2025-07-08T18:15:12","modified_gmt":"2025-07-08T21:15:12","slug":"caso-lautaro-rose-declararon-dos-testigos","status":"publish","type":"post","link":"https:\/\/corrientesdetarde.com\/index.php\/crimen-y-justicia\/caso-lautaro-rose-declararon-dos-testigos\/","title":{"rendered":"Caso Lautaro Ros\u00e9: declararon dos testigos."},"content":{"rendered":"\n<h2 class=\"wp-block-heading\">El Tribunal presidido por la doctora Ana del Carmen Figueredo, con la participaci\u00f3n como vocales del doctor Dar\u00edo Alejandro Ortiz y el doctor Rom\u00e1n Facundo Esquivel fijar\u00e1n fecha para los alegatos el viernes 11 de julio.<\/h2>\n\n\n\n<p>En la Sala del Tribunal Oral Penal N\u00b0 1 de la ciudad de Corrientes se realiz\u00f3 este lunes 7 de Julio una nueva audiencia del juicio por la muerte del joven Lautaro Ros\u00e9 ocurrida el 8 de noviembre de 2021. Declararon solo dos de los cinco testigos previstos y estos fueron citados para la pr\u00f3xima audiencia.<\/p>\n\n\n\n<p>El d\u00eda viernes 11 de julio desde las 8,30 se prev\u00e9 la declaraci\u00f3n de siete testigos desde las 10.30 para culminar con el total de 28 testigos previstos. Una vez finalizadas las testimoniales el Tribunal resolver\u00e1 fecha y hora de los alegatos.<\/p>\n\n\n\n<p>La causa tiene como imputados a seis efectivos del Grupo de Intervenciones R\u00e1pidas (G.I.R), acusados por los delitos de abandono de persona agravado por el resultado muerte; severidades e incumplimiento de los deberes de funcionario p\u00fablico. Todos ellos permanecen en libertad mientras se desarrolla el juicio.<\/p>\n\n\n\n<p><strong>Las partes<\/strong><\/p>\n\n\n\n<p>El Tribunal est\u00e1 presidido por la doctora Ana del Carmen Figueredo, con la participaci\u00f3n como vocales del doctor Dar\u00edo Alejandro Ort\u00edz y el doctor Rom\u00e1n Facundo Esquivel. La secretaria de juicio es la doctora Tamara Lorena Brescovich.<\/p>\n\n\n\n<p>El fiscal de juicio es el doctor Carlos Jos\u00e9 L\u00e9rtora. La defensa de los imputados est\u00e1 a cargo de los doctores, M\u00f3nica Monta\u00f1ez V\u00e1zquez (por Aguirre y Barber\u00e1n Robledo), Diego O. Falc\u00f3n (por Aveiro y Pruyas), y Carlos Navarro y Francisco Leguizam\u00f3n (por Romero y Prieto). Act\u00faan como querellantes conjuntos los doctores Herminio I. Gonz\u00e1lez y Sonia Gonz\u00e1lez.<\/p>\n\n\n\n<p>El delito de abandono de persona agravado por el resultado de muerte prev\u00e9 una pena de 5 a 15 a\u00f1os de prisi\u00f3n. El delito de severidades prev\u00e9 una pena de 1 a 5 a\u00f1os y el de Incumplimiento de los deberes una pena de 1 a 2 a\u00f1os de prisi\u00f3n.<\/p>\n","protected":false},"excerpt":{"rendered":"<p>El Tribunal presidido por la doctora Ana del Carmen Figueredo, con la participaci\u00f3n como vocales del doctor Dar\u00edo Alejandro Ortiz y el doctor Rom\u00e1n Facundo Esquivel fijar\u00e1n fecha para los&hellip; <\/p>\n","protected":false},"author":6,"featured_media":216386,"comment_status":"closed","ping_status":"open","sticky":false,"template":"","format":"standard","meta":{"footnotes":""},"categories":[5],"tags":[],"class_list":["post-216382","post","type-post","status-publish","format-standard","has-post-thumbnail","hentry","category-crimen-y-justicia"],"_links":{"self":[{"href":"https:\/\/corrientesdetarde.com\/index.php\/wp-json\/wp\/v2\/posts\/216382","targetHints":{"allow":["GET"]}}],"collection":[{"href":"https:\/\/corrientesdetarde.com\/index.php\/wp-json\/wp\/v2\/posts"}],"about":[{"href":"https:\/\/corrientesdetarde.com\/index.php\/wp-json\/wp\/v2\/types\/post"}],"author":[{"embeddable":true,"href":"https:\/\/corrientesdetarde.com\/index.php\/wp-json\/wp\/v2\/users\/6"}],"replies":[{"embeddable":true,"href":"https:\/\/corrientesdetarde.com\/index.php\/wp-json\/wp\/v2\/comments?post=216382"}],"version-history":[{"count":1,"href":"https:\/\/corrientesdetarde.com\/index.php\/wp-json\/wp\/v2\/posts\/216382\/revisions"}],"predecessor-version":[{"id":216387,"href":"https:\/\/corrientesdetarde.com\/index.php\/wp-json\/wp\/v2\/posts\/216382\/revisions\/216387"}],"wp:featuredmedia":[{"embeddable":true,"href":"https:\/\/corrientesdetarde.com\/index.php\/wp-json\/wp\/v2\/media\/216386"}],"wp:attachment":[{"href":"https:\/\/corrientesdetarde.com\/index.php\/wp-json\/wp\/v2\/media?parent=216382"}],"wp:term":[{"taxonomy":"category","embeddable":true,"href":"https:\/\/corrientesdetarde.com\/index.php\/wp-json\/wp\/v2\/categories?post=216382"},{"taxonomy":"post_tag","embeddable":true,"href":"https:\/\/corrientesdetarde.com\/index.php\/wp-json\/wp\/v2\/tags?post=216382"}],"curies":[{"name":"wp","href":"https:\/\/api.w.org\/{rel}","templated":true}]}}