{"id":216392,"date":"2025-07-08T18:00:00","date_gmt":"2025-07-08T21:00:00","guid":{"rendered":"https:\/\/corrientesdetarde.com\/?p=216392"},"modified":"2025-07-08T18:22:09","modified_gmt":"2025-07-08T21:22:09","slug":"peligra-el-segundo-cuatrimestre-de-las-universidades-nacionales-por-la-falta-de-financiacion","status":"publish","type":"post","link":"https:\/\/corrientesdetarde.com\/index.php\/politica\/peligra-el-segundo-cuatrimestre-de-las-universidades-nacionales-por-la-falta-de-financiacion\/","title":{"rendered":"Peligra el segundo cuatrimestre de las universidades nacionales por la falta de financiaci\u00f3n."},"content":{"rendered":"\n<h2 class=\"wp-block-heading\">En una carta dirigida al Ministerio de Capital Humano, el Consejo Interuniversitario Nacional alert\u00f3 por la ca\u00edda en los salarios, las becas y el presupuesto para los gastos de funcionamiento.<\/h2>\n\n\n\n<p>El\u00a0<strong>Consejo Interuniversitario Nacional (CIN)<\/strong>, un ente que comprende a todas las universidades nacionales, le envi\u00f3 una carta al\u00a0<strong>Ministerio de Capital Hum<\/strong>ano y a\u00a0<strong>Sandra Petovello<\/strong>, donde advirtieron el riesgo que corren las clases en el segundo cuatrimestre de este a\u00f1o por la falta de financiaci\u00f3n.<\/p>\n\n\n\n<p>La preocupaci\u00f3n de las autoridades universitarias alcanz\u00f3 nuevamente su punto m\u00e1s alto de reclamos formales por cuestiones presupuestarias y de funcionamiento. El comunicado hizo hincapi\u00e9 en que la situaci\u00f3n financiera actual puede impedir la continuidad del dictado de clases en el\u00a0<strong>segundo cuatrimestre de 2025<\/strong>.<\/p>\n\n\n\n<p>En la carta, el\u00a0<strong>CIN<\/strong>\u00a0volvi\u00f3 a visibilizar un conflicto que involucra no s\u00f3lo a docentes y personal de administraci\u00f3n, sino tambi\u00e9n a los beneficiarios del sistema de becas y a toda la comunidad acad\u00e9mica p\u00fablica.<\/p>\n\n\n\n<p>Seg\u00fan se desprende del texto enviado, las universidades nacionales le solicitaron al Gobierno nacional \u201c<strong>una respuesta inmediata<\/strong>\u201d, al advertir que la falta de recursos afecta \u00e1reas cr\u00edticas como los salarios, las becas de estudiantes y el presupuesto necesario para el funcionamiento cotidiano de las instituciones.<\/p>\n\n\n\n<p>\u201cEsta situaci\u00f3n, que ya hemos manifestado en oportunidades anteriores, se ha agravado notablemente en los \u00faltimos meses\u201d, remarc\u00f3 la carta remitida al Ministerio que conduce&nbsp;<strong>Pettovello<\/strong>&nbsp;que fue firmada por el rector de la Universidad Nacional de la Pampa y presidente del organismo,&nbsp;<strong>Oscar Alpa<\/strong>.<\/p>\n\n\n\n<p>Entre los principales puntos se\u00f1alados en el documento, el&nbsp;<strong>CIN<\/strong>&nbsp;expuso que \u201caspecto m\u00e1s cr\u00edtico es el continuo deterioro del salario real de nuestro capital humano, tanto docente como no docente\u201d. Y agregaron: \u201cEn los \u00faltimos 19 meses,&nbsp;<strong>han sufrido una p\u00e9rdida del 35 % de su poder adquisitivo, con una ca\u00edda que se profundiza mes a mes<\/strong>. Como consecuencia directa de esta situaci\u00f3n, se han producido, aproximadamente,&nbsp;<strong>10.000 renuncias de docentes con alta calificaci\u00f3n<\/strong>&nbsp;y con a\u00f1os de experiencia\u201d.<\/p>\n\n\n\n<p>\u201cEste proceso de p\u00e9rdida de recursos humanos clave se encuentra directamente vinculado a la pol\u00edtica salarial de ese Ministerio, que ha otorgado aumentos por debajo de la inflaci\u00f3n desde el inicio de su gesti\u00f3n, y que, de continuar en esta l\u00ednea, profundizar\u00e1 a\u00fan m\u00e1s la crisis\u201d, explicaron.<\/p>\n\n\n\n<p>El reclamo tambi\u00e9n incluy\u00f3 la desactualizaci\u00f3n de las becas estudiantiles y se\u00f1alaron que \u201clos montos asignados no alcanzan ni el 5% del objetivo\u201d que es \u201cacompa\u00f1ar econ\u00f3micamente a los estudiantes que necesitan apoyo para sostener su cursada\u201d.<\/p>\n\n\n\n<p>\u201cEsta insuficiencia obliga, en muchos casos, a buscar trabajos que retrasan o, incluso, impiden la continuidad de sus estudios universitarios\u201d, a\u00f1adieron.<\/p>\n\n\n\n<p>La disputa tambi\u00e9n tiene que ver con los&nbsp;<strong>gastos de funcionamiento<\/strong>&nbsp;y sostuvieron que, actualmente, el dinero que reciben las universidades \u201cson inferiores, en t\u00e9rminos nominales, a las del segundo semestre del a\u00f1o pasado\u201d y que \u201crepresenta una ca\u00edda real del 90%\u201d.<\/p>\n\n\n\n<p>Y continuaron: \u201cLa falta de estos recursos&nbsp;<strong>compromete seriamente la posibilidad de realizar pr\u00e1cticas de campo e, incluso, podr\u00eda impedir el dictado regular de clases por cortes de luz, falta de gas o desconexi\u00f3n tecnol\u00f3gica<\/strong>\u201d.<\/p>\n\n\n\n<p>En otro punto, la agrupaci\u00f3n en donde hay varias universidades importantes como la de Buenos Aires, la de La Plata o la de C\u00f3rdoba, entre otras destacadas, alert\u00f3 sobre la situaci\u00f3n en los&nbsp;<strong>programas espec\u00edficos&nbsp;<\/strong>que permiten sostener doctorados, actividades de ciencia y t\u00e9cnica, extensi\u00f3n, hospitales universitarios y carreras estrat\u00e9gicas.<\/p>\n\n\n\n<iframe loading=\"lazy\" src=\"https:\/\/drive.google.com\/file\/d\/1kMhVgLAo3A9afxnQYAQouQhSAjYP06I6\/preview\" width=\"640\" height=\"480\" allow=\"autoplay\"><\/iframe>\n\n\n\n<p>\u201cEstos programas contin\u00faan con presupuestos congelados a valores nominales de septiembre de 2022 \u2014con una p\u00e9rdida del 500 % de su valor real\u2014 y, adem\u00e1s, el \u00faltimo a\u00f1o fueron ejecutados reci\u00e9n el \u00faltimo d\u00eda h\u00e1bil de diciembre. Esta situaci\u00f3n no solo dificulta la vinculaci\u00f3n de las y los estudiantes con la comunidad y el territorio, sino que, incluso, impide el cursado de carreras completas por falta de recursos para el personal docente&#8221;, explicaron.<\/p>\n\n\n\n<p>En ese sentido, la C\u00e1mara de Diputados, a trav\u00e9s de las comisiones de&nbsp;<strong>Presupuesto y Hacienda<\/strong>&nbsp;y&nbsp;<strong>Educaci\u00f3n<\/strong>, buscan poder aprobar el dictamen que permita tratar en el recinto la&nbsp;<strong>ley de financiamiento universitario<\/strong>. En total, hay&nbsp;<strong>seis proyectos de ley referidos al financiamiento universitario&nbsp;<\/strong>y a la recomposici\u00f3n salarial del personal de las Altas Casas de Estudios.<\/p>\n\n\n\n<p><\/p>\n\n\n\n<p><em>Fuente: Infobae.<\/em><\/p>\n","protected":false},"excerpt":{"rendered":"<p>En una carta dirigida al Ministerio de Capital Humano, el Consejo Interuniversitario Nacional alert\u00f3 por la ca\u00edda en los salarios, las becas y el presupuesto para los gastos de funcionamiento.&hellip; <\/p>\n","protected":false},"author":6,"featured_media":216394,"comment_status":"closed","ping_status":"open","sticky":false,"template":"","format":"standard","meta":{"footnotes":""},"categories":[3],"tags":[],"class_list":["post-216392","post","type-post","status-publish","format-standard","has-post-thumbnail","hentry","category-politica"],"_links":{"self":[{"href":"https:\/\/corrientesdetarde.com\/index.php\/wp-json\/wp\/v2\/posts\/216392","targetHints":{"allow":["GET"]}}],"collection":[{"href":"https:\/\/corrientesdetarde.com\/index.php\/wp-json\/wp\/v2\/posts"}],"about":[{"href":"https:\/\/corrientesdetarde.com\/index.php\/wp-json\/wp\/v2\/types\/post"}],"author":[{"embeddable":true,"href":"https:\/\/corrientesdetarde.com\/index.php\/wp-json\/wp\/v2\/users\/6"}],"replies":[{"embeddable":true,"href":"https:\/\/corrientesdetarde.com\/index.php\/wp-json\/wp\/v2\/comments?post=216392"}],"version-history":[{"count":1,"href":"https:\/\/corrientesdetarde.com\/index.php\/wp-json\/wp\/v2\/posts\/216392\/revisions"}],"predecessor-version":[{"id":216395,"href":"https:\/\/corrientesdetarde.com\/index.php\/wp-json\/wp\/v2\/posts\/216392\/revisions\/216395"}],"wp:featuredmedia":[{"embeddable":true,"href":"https:\/\/corrientesdetarde.com\/index.php\/wp-json\/wp\/v2\/media\/216394"}],"wp:attachment":[{"href":"https:\/\/corrientesdetarde.com\/index.php\/wp-json\/wp\/v2\/media?parent=216392"}],"wp:term":[{"taxonomy":"category","embeddable":true,"href":"https:\/\/corrientesdetarde.com\/index.php\/wp-json\/wp\/v2\/categories?post=216392"},{"taxonomy":"post_tag","embeddable":true,"href":"https:\/\/corrientesdetarde.com\/index.php\/wp-json\/wp\/v2\/tags?post=216392"}],"curies":[{"name":"wp","href":"https:\/\/api.w.org\/{rel}","templated":true}]}}