{"id":216495,"date":"2025-07-09T16:14:00","date_gmt":"2025-07-09T19:14:00","guid":{"rendered":"https:\/\/corrientesdetarde.com\/?p=216495"},"modified":"2025-07-09T16:21:59","modified_gmt":"2025-07-09T19:21:59","slug":"aseguran-que-vieron-a-un-nino-parecido-a-loan-en-corrientes","status":"publish","type":"post","link":"https:\/\/corrientesdetarde.com\/index.php\/policiales\/aseguran-que-vieron-a-un-nino-parecido-a-loan-en-corrientes\/","title":{"rendered":"Aseguran que vieron a un ni\u00f1o parecido a Loan en Corrientes."},"content":{"rendered":"\n<h2 class=\"wp-block-heading\">En las \u00faltimas horas, un hombre asegur\u00f3 haber visto a un nene muy parecido a Loan en la Cl\u00ednica del Pilar, Corrientes.<\/h2>\n\n\n\n<p>El caso de Loan Danilo Pe\u00f1a, el nene que desapareci\u00f3 en Corrientes despu\u00e9s de un almuerzo en la casa de su abuela Catalina, contin\u00faa siendo una inc\u00f3gnita. En esta oportunidad, un testigo asegur\u00f3 haber visto al menor de edad en la Cl\u00ednica del Pilar, ubicada sobre calle San Mart\u00edn, en la capital de la provincia.<\/p>\n\n\n\n<h3 class=\"wp-block-heading\">C\u00f3mo era el nene parecido a Loan que aseguraron ver en una cl\u00ednica de Corrientes<\/h3>\n\n\n\n<p>De acuerdo al relato de un ciudadano identificado como B.B.T, el chico ten\u00eda ropa de color gris y una gorra roja. En esta misma l\u00ednea, indic\u00f3 que estaba acompa\u00f1ado de un hombre alto, quien vest\u00eda un pantal\u00f3n azul, saco negro y zapatillas negras; y una mujer con el pelo rubio.<\/p>\n\n\n\n<p>De igual manera, el hombre dijo que logr\u00f3 sacarle una foto. A pesar de esto, cuando se comunic\u00f3 con la Polic\u00eda para que fueran al lugar ya no estaban ah\u00ed. El testigo no pudo acercarse a la comisar\u00eda, pero su testimonio y la imagen que tom\u00f3 est\u00e1n siendo analizadas por las autoridades correspondientes.<\/p>\n\n\n\n<p>Mientras tanto, sigue con gran intensidad la b\u00fasqueda de Loan, con amplios operativos llev\u00e1ndose a cabo en varias provincias del pa\u00eds. Las fuerzas de seguridad trabajan de manera coordinada, mientras que la investigaci\u00f3n judicial contin\u00faa su curso, evaluando diversas l\u00edneas de investigaci\u00f3n y considerando m\u00faltiples hip\u00f3tesis.<\/p>\n\n\n\n<figure class=\"wp-block-image size-large\"><img loading=\"lazy\" decoding=\"async\" width=\"1024\" height=\"322\" src=\"https:\/\/corrientesdetarde.com\/wp-content\/uploads\/2025\/07\/image-243-1024x322.png\" alt=\"\" class=\"wp-image-216503\" srcset=\"https:\/\/corrientesdetarde.com\/wp-content\/uploads\/2025\/07\/image-243-1024x322.png 1024w, https:\/\/corrientesdetarde.com\/wp-content\/uploads\/2025\/07\/image-243-300x94.png 300w, https:\/\/corrientesdetarde.com\/wp-content\/uploads\/2025\/07\/image-243-768x241.png 768w, https:\/\/corrientesdetarde.com\/wp-content\/uploads\/2025\/07\/image-243-1536x483.png 1536w, https:\/\/corrientesdetarde.com\/wp-content\/uploads\/2025\/07\/image-243.png 1820w\" sizes=\"auto, (max-width: 1024px) 100vw, 1024px\" \/><\/figure>\n\n\n\n<figure class=\"wp-block-image size-large\"><img loading=\"lazy\" decoding=\"async\" width=\"1024\" height=\"381\" src=\"https:\/\/corrientesdetarde.com\/wp-content\/uploads\/2025\/07\/image-244-1024x381.png\" alt=\"\" class=\"wp-image-216504\" srcset=\"https:\/\/corrientesdetarde.com\/wp-content\/uploads\/2025\/07\/image-244-1024x381.png 1024w, https:\/\/corrientesdetarde.com\/wp-content\/uploads\/2025\/07\/image-244-300x111.png 300w, https:\/\/corrientesdetarde.com\/wp-content\/uploads\/2025\/07\/image-244-768x285.png 768w, https:\/\/corrientesdetarde.com\/wp-content\/uploads\/2025\/07\/image-244-1536x571.png 1536w, https:\/\/corrientesdetarde.com\/wp-content\/uploads\/2025\/07\/image-244.png 1795w\" sizes=\"auto, (max-width: 1024px) 100vw, 1024px\" \/><\/figure>\n\n\n\n<p><\/p>\n","protected":false},"excerpt":{"rendered":"<p>En las \u00faltimas horas, un hombre asegur\u00f3 haber visto a un nene muy parecido a Loan en la Cl\u00ednica del Pilar, Corrientes. El caso de Loan Danilo Pe\u00f1a, el nene&hellip; <\/p>\n","protected":false},"author":6,"featured_media":216502,"comment_status":"closed","ping_status":"open","sticky":false,"template":"","format":"standard","meta":{"footnotes":""},"categories":[33],"tags":[],"class_list":["post-216495","post","type-post","status-publish","format-standard","has-post-thumbnail","hentry","category-policiales"],"_links":{"self":[{"href":"https:\/\/corrientesdetarde.com\/index.php\/wp-json\/wp\/v2\/posts\/216495","targetHints":{"allow":["GET"]}}],"collection":[{"href":"https:\/\/corrientesdetarde.com\/index.php\/wp-json\/wp\/v2\/posts"}],"about":[{"href":"https:\/\/corrientesdetarde.com\/index.php\/wp-json\/wp\/v2\/types\/post"}],"author":[{"embeddable":true,"href":"https:\/\/corrientesdetarde.com\/index.php\/wp-json\/wp\/v2\/users\/6"}],"replies":[{"embeddable":true,"href":"https:\/\/corrientesdetarde.com\/index.php\/wp-json\/wp\/v2\/comments?post=216495"}],"version-history":[{"count":1,"href":"https:\/\/corrientesdetarde.com\/index.php\/wp-json\/wp\/v2\/posts\/216495\/revisions"}],"predecessor-version":[{"id":216506,"href":"https:\/\/corrientesdetarde.com\/index.php\/wp-json\/wp\/v2\/posts\/216495\/revisions\/216506"}],"wp:featuredmedia":[{"embeddable":true,"href":"https:\/\/corrientesdetarde.com\/index.php\/wp-json\/wp\/v2\/media\/216502"}],"wp:attachment":[{"href":"https:\/\/corrientesdetarde.com\/index.php\/wp-json\/wp\/v2\/media?parent=216495"}],"wp:term":[{"taxonomy":"category","embeddable":true,"href":"https:\/\/corrientesdetarde.com\/index.php\/wp-json\/wp\/v2\/categories?post=216495"},{"taxonomy":"post_tag","embeddable":true,"href":"https:\/\/corrientesdetarde.com\/index.php\/wp-json\/wp\/v2\/tags?post=216495"}],"curies":[{"name":"wp","href":"https:\/\/api.w.org\/{rel}","templated":true}]}}