{"id":216496,"date":"2025-07-09T16:22:00","date_gmt":"2025-07-09T19:22:00","guid":{"rendered":"https:\/\/corrientesdetarde.com\/?p=216496"},"modified":"2025-07-09T16:23:28","modified_gmt":"2025-07-09T19:23:28","slug":"gallardo-sumo-a-un-correntino-al-plantel-de-primera","status":"publish","type":"post","link":"https:\/\/corrientesdetarde.com\/index.php\/deportes\/gallardo-sumo-a-un-correntino-al-plantel-de-primera\/","title":{"rendered":"Gallardo sum\u00f3 a un correntino al plantel de primera."},"content":{"rendered":"\n<h2 class=\"wp-block-heading\">El mediocampista de 17 a\u00f1os, oriundo de Ca\u00e1 Cat\u00ed, fue convocado para entrenar con el primer equipo de River. Tiene pasado en selecciones juveniles y es hermano del futbolista Maxi Meza.<\/h2>\n\n\n\n<p>El mediocampista correntino Juan Cruz Meza, de 17 a\u00f1os, fue convocado por Marcelo Gallardo para entrenar con la Primera Divisi\u00f3n de River Plate. El juvenil particip\u00f3 de las pr\u00e1cticas del lunes y martes con el plantel profesional en el predio de Ezeiza, como parte de una nueva apuesta del club por las divisiones inferiores.<\/p>\n\n\n\n<p>Nacido el 14 de marzo de 2008 en Ca\u00e1 Cat\u00ed, Corrientes, Meza inici\u00f3 su camino en el f\u00fatbol en el club barrial Camb\u00e1 Por\u00e1. En 2018, fue seleccionado en una prueba de captaci\u00f3n realizada por River en su provincia y trasladado a Buenos Aires para incorporarse a las divisiones infantiles del club. Desde entonces, su progreso ha sido constante.<\/p>\n\n\n\n<p>En 2022 se consagr\u00f3 campe\u00f3n con la Novena Divisi\u00f3n y, al a\u00f1o siguiente, fue convocado por Diego Placente para integrar la selecci\u00f3n argentina Sub 15, adem\u00e1s de formar parte del plantel Sub 17 que disput\u00f3 el Sudamericano en Colombia. En ese torneo, convirti\u00f3 un gol ante Paraguay.<\/p>\n\n\n\n<figure class=\"wp-block-image\"><a href=\"https:\/\/www.radiosudamericana.com\/notix\/multimedia\/imagenes\/fotos\/2025-07-09\/582693.jpg\"><img decoding=\"async\" src=\"https:\/\/www.radiosudamericana.com\/notix\/multimedia\/imagenes\/fotos\/2025-07-09\/582693.jpg_nota.jpg\" alt=\"\"\/><\/a><\/figure>\n\n\n\n<p>Este a\u00f1o firm\u00f3 su primer contrato profesional con River hasta diciembre de 2026, con una cl\u00e1usula de rescisi\u00f3n fijada en 30 millones de euros.<\/p>\n\n\n\n<p><strong><em>\u201cMi sue\u00f1o es debutar en el Monumental y jugar un Mundial como mi hermano Maxi. Quiero que sea normal y lindo, como hasta ahora. Se cumple solo con esfuerzo y sacrificio diario, como me dicen mis padres\u201d<\/em><\/strong>, expres\u00f3 el joven futbolista en una entrevista con el sitio oficial del club.<\/p>\n\n\n\n<p>Meza es hermano de Maximiliano Meza, actual jugador del primer equipo de River, con pasos previos por Independiente, Monterrey de M\u00e9xico y la Selecci\u00f3n Argentina.<\/p>\n\n\n\n<p>Con experiencia en Reserva y un perfil t\u00e9cnico destacado, Juan Cruz Meza se define como&nbsp;<em><strong>\u201cun jugador t\u00e9cnico, con buena pegada y visi\u00f3n de juego\u201d<\/strong><\/em>. Gallardo ya lo hab\u00eda probado en entrenamientos con la Primera en febrero, y su reincorporaci\u00f3n al plantel mayor confirma la proyecci\u00f3n que el club tiene sobre \u00e9l.<\/p>\n","protected":false},"excerpt":{"rendered":"<p>El mediocampista de 17 a\u00f1os, oriundo de Ca\u00e1 Cat\u00ed, fue convocado para entrenar con el primer equipo de River. Tiene pasado en selecciones juveniles y es hermano del futbolista Maxi&hellip; <\/p>\n","protected":false},"author":6,"featured_media":216505,"comment_status":"closed","ping_status":"open","sticky":false,"template":"","format":"standard","meta":{"footnotes":""},"categories":[4],"tags":[],"class_list":["post-216496","post","type-post","status-publish","format-standard","has-post-thumbnail","hentry","category-deportes"],"_links":{"self":[{"href":"https:\/\/corrientesdetarde.com\/index.php\/wp-json\/wp\/v2\/posts\/216496","targetHints":{"allow":["GET"]}}],"collection":[{"href":"https:\/\/corrientesdetarde.com\/index.php\/wp-json\/wp\/v2\/posts"}],"about":[{"href":"https:\/\/corrientesdetarde.com\/index.php\/wp-json\/wp\/v2\/types\/post"}],"author":[{"embeddable":true,"href":"https:\/\/corrientesdetarde.com\/index.php\/wp-json\/wp\/v2\/users\/6"}],"replies":[{"embeddable":true,"href":"https:\/\/corrientesdetarde.com\/index.php\/wp-json\/wp\/v2\/comments?post=216496"}],"version-history":[{"count":1,"href":"https:\/\/corrientesdetarde.com\/index.php\/wp-json\/wp\/v2\/posts\/216496\/revisions"}],"predecessor-version":[{"id":216507,"href":"https:\/\/corrientesdetarde.com\/index.php\/wp-json\/wp\/v2\/posts\/216496\/revisions\/216507"}],"wp:featuredmedia":[{"embeddable":true,"href":"https:\/\/corrientesdetarde.com\/index.php\/wp-json\/wp\/v2\/media\/216505"}],"wp:attachment":[{"href":"https:\/\/corrientesdetarde.com\/index.php\/wp-json\/wp\/v2\/media?parent=216496"}],"wp:term":[{"taxonomy":"category","embeddable":true,"href":"https:\/\/corrientesdetarde.com\/index.php\/wp-json\/wp\/v2\/categories?post=216496"},{"taxonomy":"post_tag","embeddable":true,"href":"https:\/\/corrientesdetarde.com\/index.php\/wp-json\/wp\/v2\/tags?post=216496"}],"curies":[{"name":"wp","href":"https:\/\/api.w.org\/{rel}","templated":true}]}}