{"id":216508,"date":"2025-07-09T16:35:00","date_gmt":"2025-07-09T19:35:00","guid":{"rendered":"https:\/\/corrientesdetarde.com\/?p=216508"},"modified":"2025-07-09T16:29:49","modified_gmt":"2025-07-09T19:29:49","slug":"el-reencuentro-de-paredes-con-juan-roman-riquelme-tras-su-revision-medica","status":"publish","type":"post","link":"https:\/\/corrientesdetarde.com\/index.php\/deportes\/el-reencuentro-de-paredes-con-juan-roman-riquelme-tras-su-revision-medica\/","title":{"rendered":"El reencuentro de Paredes con Juan Rom\u00e1n Riquelme, tras su revisi\u00f3n m\u00e9dica."},"content":{"rendered":"\n<h2 class=\"wp-block-heading\">El campe\u00f3n del mundo lleg\u00f3 a Ezeiza por la tarde y tuvo una reuni\u00f3n con el presidente y Miguel \u00c1ngel Russo.<\/h2>\n\n\n\n<p>Este mi\u00e9rcoles,\u00a0<strong>Leandro Paredes\u00a0<\/strong>se realiz\u00f3 la revisi\u00f3n m\u00e9dica<strong>\u00a0y firmar\u00e1 contrato con\u00a0Boca<\/strong>. El mediocampista gener\u00f3 una revoluci\u00f3n para los hinchas por la ma\u00f1ana y esta tarde lleg\u00f3 a Boca Predio, donde\u00a0<strong>tuvo un especial encuentro con\u00a0Juan Rom\u00e1n Riquelme\u00a0y Miguel \u00c1ngel Russo<\/strong>.<\/p>\n\n\n\n<p><strong>El campe\u00f3n del mundo se reuni\u00f3 con el presidente del club y el entrenador para diagramar su segundo ciclo en el Xeneize<\/strong>. Luego de sus vacaciones, Paredes quiere sumarse a entrenar cuanto antes para estar a disposici\u00f3n de Russo.<\/p>\n\n\n\n<figure class=\"wp-block-image\"><img decoding=\"async\" src=\"https:\/\/tn.com.ar\/resizer\/v2\/el-encuentro-de-leandro-paredes-con-juan-roman-riquelme-y-miguel-angel-russo-foto-captura-tyc-sports-RZH3PE5VSNGNXM22DMJO5U27CE.PNG?auth=be9ea661a27d0b91f86aa022ecdb5fcf679055aa7940b1573bd4b507628cb41e&amp;width=767\" alt=\"El encuentro de Leandro Paredes con Juan Rom\u00e1n Riquelme y Miguel \u00c1ngel Russo. (Foto: Captura TyC Sports)\"\/><figcaption class=\"wp-element-caption\">El encuentro de Leandro Paredes con Juan Rom\u00e1n Riquelme y Miguel \u00c1ngel Russo. (Foto: Captura TyC Sports)<\/figcaption><\/figure>\n\n\n\n<p>En el camino de Paredes por el predio que Boca tiene en Ezeiza, una c\u00e1mara capt\u00f3 su encuentro con Riquelme, uno de sus \u00eddolos.&nbsp;<strong>Los referentes xeneizes se dieron un fuerte abrazo de varios segundos y luego posaron para un fot\u00f3grafo de la instituci\u00f3n, que registr\u00f3 el momento<\/strong>.<\/p>\n\n\n\n<p>Tambi\u00e9n estuvieron presentes Ra\u00fal Cascini y Mauricio Serna, integrantes del Consejo de F\u00fatbol, y a un costado, sentado, Miguel \u00c1ngel Russo, que tambi\u00e9n salud\u00f3 al futbolista.<\/p>\n\n\n\n<h2 class=\"wp-block-heading\">Boca prepara una fiesta para recibir a Leandro Paredes en la Bombonera<\/h2>\n\n\n\n<p>Seg\u00fan se inform\u00f3,&nbsp;<strong>en Boca decidieron abrir el estadio para recibir al futbolista de 31 a\u00f1os y los socios y no socios podr\u00e1n ingresar<\/strong>. Las puertas de la Bombonera se abrir\u00e1n a las 16.30 y se espera que Paredes sea presentado a partir de las 18.<\/p>\n","protected":false},"excerpt":{"rendered":"<p>El campe\u00f3n del mundo lleg\u00f3 a Ezeiza por la tarde y tuvo una reuni\u00f3n con el presidente y Miguel \u00c1ngel Russo. Este mi\u00e9rcoles,\u00a0Leandro Paredes\u00a0se realiz\u00f3 la revisi\u00f3n m\u00e9dica\u00a0y firmar\u00e1 contrato&hellip; <\/p>\n","protected":false},"author":6,"featured_media":216514,"comment_status":"closed","ping_status":"open","sticky":false,"template":"","format":"standard","meta":{"footnotes":""},"categories":[4],"tags":[],"class_list":["post-216508","post","type-post","status-publish","format-standard","has-post-thumbnail","hentry","category-deportes"],"_links":{"self":[{"href":"https:\/\/corrientesdetarde.com\/index.php\/wp-json\/wp\/v2\/posts\/216508","targetHints":{"allow":["GET"]}}],"collection":[{"href":"https:\/\/corrientesdetarde.com\/index.php\/wp-json\/wp\/v2\/posts"}],"about":[{"href":"https:\/\/corrientesdetarde.com\/index.php\/wp-json\/wp\/v2\/types\/post"}],"author":[{"embeddable":true,"href":"https:\/\/corrientesdetarde.com\/index.php\/wp-json\/wp\/v2\/users\/6"}],"replies":[{"embeddable":true,"href":"https:\/\/corrientesdetarde.com\/index.php\/wp-json\/wp\/v2\/comments?post=216508"}],"version-history":[{"count":1,"href":"https:\/\/corrientesdetarde.com\/index.php\/wp-json\/wp\/v2\/posts\/216508\/revisions"}],"predecessor-version":[{"id":216515,"href":"https:\/\/corrientesdetarde.com\/index.php\/wp-json\/wp\/v2\/posts\/216508\/revisions\/216515"}],"wp:featuredmedia":[{"embeddable":true,"href":"https:\/\/corrientesdetarde.com\/index.php\/wp-json\/wp\/v2\/media\/216514"}],"wp:attachment":[{"href":"https:\/\/corrientesdetarde.com\/index.php\/wp-json\/wp\/v2\/media?parent=216508"}],"wp:term":[{"taxonomy":"category","embeddable":true,"href":"https:\/\/corrientesdetarde.com\/index.php\/wp-json\/wp\/v2\/categories?post=216508"},{"taxonomy":"post_tag","embeddable":true,"href":"https:\/\/corrientesdetarde.com\/index.php\/wp-json\/wp\/v2\/tags?post=216508"}],"curies":[{"name":"wp","href":"https:\/\/api.w.org\/{rel}","templated":true}]}}