{"id":216510,"date":"2025-07-09T16:49:00","date_gmt":"2025-07-09T19:49:00","guid":{"rendered":"https:\/\/corrientesdetarde.com\/?p=216510"},"modified":"2025-07-09T16:34:44","modified_gmt":"2025-07-09T19:34:44","slug":"el-gobierno-descarta-apartar-a-los-agentes-de-aduana-implicados-en-el-escandalo-de-las-valijas","status":"publish","type":"post","link":"https:\/\/corrientesdetarde.com\/index.php\/politica\/el-gobierno-descarta-apartar-a-los-agentes-de-aduana-implicados-en-el-escandalo-de-las-valijas\/","title":{"rendered":"El Gobierno descarta apartar a los agentes de Aduana implicados en el esc\u00e1ndalo de las valijas."},"content":{"rendered":"\n<h2 class=\"wp-block-heading\">Desde el Ejecutivo sostienen que \u201cno cometieron ning\u00fan delito\u201d al no controlar el equipaje de los tripulantes del avi\u00f3n del empresario Leonardo Scatturice. Tampoco eval\u00faan aplicar sanciones. Cambio de narrativa y la intenci\u00f3n de correr la investigaci\u00f3n de la agenda p\u00fablica.<\/h2>\n\n\n\n<p><strong>El\u00a0Gobierno\u00a0descarta apartar a los agentes de Aduana implicados en el esc\u00e1ndalo de las\u00a0valijas<\/strong>. El Ejecutivo respalda a los empleados de la Agencia de Recaudaci\u00f3n y Control Aduanero (ARCA) -que preside Juan Pazo- y mantiene la postura de que \u201cno cometieron ning\u00fan delito\u201d al no controlar el equipaje de los tripulantes del avi\u00f3n Bombardier, del empresario\u00a0<strong>Leonardo Scatturice<\/strong>.<\/p>\n\n\n\n<p><strong>El Juzgado Penal en lo Econ\u00f3mico N\u00b02 solicit\u00f3 a la Direcci\u00f3n General de Aduanas (DGA) los datos sobre los funcionarios que intervinieron en el ingreso<\/strong>&nbsp;y egreso del vuelo: Cintia Cali, Fernando Carretoni y Omar Beltramino. Lo mismo aplica para \u201ccualquier otro agenteque haya estado presente en el hall de control de ARCA al momento en que se habr\u00eda indicado a los pasajeros y a la tripulaci\u00f3n que no era necesario pasar sus valijas por el esc\u00e1ner\u201d.<\/p>\n\n\n\n<p>La Casa Rosada<strong>&nbsp;argumenta que los funcionarios cumplieron con el C\u00f3digo Aduanero e insiste en que no tiene previsto impulsar sanciones<\/strong>. Desde el Gobierno reconocen que el equipaje no cont\u00f3 con todos los controles de seguridad aeroportuaria, pero sostienen que no son obligatorios y que \u201clas valijas no pasan siempre por los esc\u00e1ners\u201d.<\/p>\n\n\n\n<p>Naci\u00f3n&nbsp;<strong>rechaza las versiones de que hubo una orden deliberada para que no se revisen las valijas<\/strong>. El oficialismo&nbsp;<strong>cambi\u00f3 la discursiva<\/strong>&nbsp;de marzo sobre que \u201cse hicieron los controles de rutina\u201d, y ahora asegura que \u201clos controles son discrecionales\u201d por determinaci\u00f3n de los agentes de Aduana.<\/p>\n\n\n\n<p>Se trata de la misma l\u00ednea que este mi\u00e9rcoles sostuvo Javier Milei, que respald\u00f3 el procedimiento de los funcionarios e hizo foco en que el avi\u00f3n parti\u00f3 de los Estados Unidos, donde se \u201chacen todos los controles\u201d.<\/p>\n\n\n\n<figure class=\"wp-block-image\"><img decoding=\"async\" src=\"https:\/\/tn.com.ar\/resizer\/v2\/la-salida-de-las-personas-del-avion-sin-pasar-por-los-controles-de-aduana-foto-tn-6YLGJESANZFQXGT5ZWKVO4UMAI.png?auth=bcd5e56b1888b06440abb5d382e7be83e54fb958f26b5e01b61ea1a4cbc90e3d&amp;width=767\" alt=\"La salida de las personas del avi\u00f3n sin pasar por los controles de Aduana. (Foto: TN)\"\/><figcaption class=\"wp-element-caption\">La salida de las personas del avi\u00f3n sin pasar por los controles de Aduana. (Foto: TN)<\/figcaption><\/figure>\n\n\n\n<p>Los fiscales se basaron en&nbsp;<strong>los videos de la Polic\u00eda de Seguridad Aeroportuaria (PSA)<\/strong>&nbsp;para constatar que&nbsp;<strong>los funcionarios de Aduana les abrieron a los tripulantes del Bombardier un carril especial<\/strong>, que no cont\u00f3 con chequeos de equipaje. Identificaron adem\u00e1s a una agente, que coincide con la imagen, la que previamente los recibi\u00f3 en la pista.<\/p>\n\n\n\n<p>El juez Mart\u00edn Yadarola solicit\u00f3 tambi\u00e9n que se identifique a todos los<strong>&nbsp;funcionarios de Migraciones y la Administraci\u00f3n Nacional de la Aviaci\u00f3n Civil (ANAC)<\/strong>&nbsp;que intervinieron en conjunto con Aduana en el control del avi\u00f3n matr\u00edcula N18RU y del equipaje de la pasajera Laura Bel\u00e9n Arrieta -gerente de operaciones corporativas de OCP TECH-, que estaba acompa\u00f1ada por los pilotos Jos\u00e9 Luis Donato Bresciano y Juan Pablo Pinto.<\/p>\n\n\n\n<p>Yadarola requiri\u00f3 adem\u00e1s que&nbsp;<strong>se investigue el procedimiento de los veh\u00edculos que se acercaron a la aeronave<\/strong>&nbsp;luego del aterrizaje. El documento insta a\u201cdeterminar la titularidad, el destino y la funci\u00f3n de cada uno de los veh\u00edculosmencionados, as\u00ed como identificar al personal que se encontraba a bordo y el motivo de su intervenci\u00f3n\u201d. Lo mismo aplica para sus autorizaciones.<\/p>\n\n\n\n<p>El Gobierno asegura que cumplir\u00e1 con los requerimientos de la Justicia y reconoce que&nbsp;<strong>busca bajarle el tono a la investigaci\u00f3n para intentar correrla de la agenda p\u00fablica<\/strong>. Se trata de la misma estrategia que aplic\u00f3 con las denuncias que recibi\u00f3 el jefe de Estado en la Argentina y en los Estados Unidos por la promoci\u00f3n de la criptomoneda Libra.<\/p>\n","protected":false},"excerpt":{"rendered":"<p>Desde el Ejecutivo sostienen que \u201cno cometieron ning\u00fan delito\u201d al no controlar el equipaje de los tripulantes del avi\u00f3n del empresario Leonardo Scatturice. Tampoco eval\u00faan aplicar sanciones. Cambio de narrativa&hellip; <\/p>\n","protected":false},"author":6,"featured_media":216518,"comment_status":"closed","ping_status":"open","sticky":false,"template":"","format":"standard","meta":{"footnotes":""},"categories":[3],"tags":[],"class_list":["post-216510","post","type-post","status-publish","format-standard","has-post-thumbnail","hentry","category-politica"],"_links":{"self":[{"href":"https:\/\/corrientesdetarde.com\/index.php\/wp-json\/wp\/v2\/posts\/216510","targetHints":{"allow":["GET"]}}],"collection":[{"href":"https:\/\/corrientesdetarde.com\/index.php\/wp-json\/wp\/v2\/posts"}],"about":[{"href":"https:\/\/corrientesdetarde.com\/index.php\/wp-json\/wp\/v2\/types\/post"}],"author":[{"embeddable":true,"href":"https:\/\/corrientesdetarde.com\/index.php\/wp-json\/wp\/v2\/users\/6"}],"replies":[{"embeddable":true,"href":"https:\/\/corrientesdetarde.com\/index.php\/wp-json\/wp\/v2\/comments?post=216510"}],"version-history":[{"count":1,"href":"https:\/\/corrientesdetarde.com\/index.php\/wp-json\/wp\/v2\/posts\/216510\/revisions"}],"predecessor-version":[{"id":216519,"href":"https:\/\/corrientesdetarde.com\/index.php\/wp-json\/wp\/v2\/posts\/216510\/revisions\/216519"}],"wp:featuredmedia":[{"embeddable":true,"href":"https:\/\/corrientesdetarde.com\/index.php\/wp-json\/wp\/v2\/media\/216518"}],"wp:attachment":[{"href":"https:\/\/corrientesdetarde.com\/index.php\/wp-json\/wp\/v2\/media?parent=216510"}],"wp:term":[{"taxonomy":"category","embeddable":true,"href":"https:\/\/corrientesdetarde.com\/index.php\/wp-json\/wp\/v2\/categories?post=216510"},{"taxonomy":"post_tag","embeddable":true,"href":"https:\/\/corrientesdetarde.com\/index.php\/wp-json\/wp\/v2\/tags?post=216510"}],"curies":[{"name":"wp","href":"https:\/\/api.w.org\/{rel}","templated":true}]}}