{"id":216511,"date":"2025-07-09T16:42:00","date_gmt":"2025-07-09T19:42:00","guid":{"rendered":"https:\/\/corrientesdetarde.com\/?p=216511"},"modified":"2025-07-09T16:32:35","modified_gmt":"2025-07-09T19:32:35","slug":"los-medicos-del-garrahan-anunciaron-un-paro-tras-la-designacion-del-nuevo-director","status":"publish","type":"post","link":"https:\/\/corrientesdetarde.com\/index.php\/politica\/los-medicos-del-garrahan-anunciaron-un-paro-tras-la-designacion-del-nuevo-director\/","title":{"rendered":"Los m\u00e9dicos del Garrahan anunciaron un paro tras la designaci\u00f3n del nuevo director."},"content":{"rendered":"\n<h2 class=\"wp-block-heading\">La medida de fuerza ser\u00e1 ma\u00f1ana. El hospital funcionar\u00e1 al m\u00ednimo de sus capacidades.<\/h2>\n\n\n\n<p>Los\u00a0<strong>m\u00e9dicos y t\u00e9cnicos<\/strong>\u00a0del\u00a0<strong>hospital Garrahan<\/strong>\u00a0agrupados en ATE realizar\u00e1n un paro de<strong>\u00a024 horas\u00a0<\/strong>ante la falta de propuestas de una mejora salarial por parte del Gobierno.<\/p>\n\n\n\n<p>La medida de fuerza ser\u00e1 este<strong>\u00a0jueves 10 de julio\u00a0<\/strong>a las\u00a0<strong>7<\/strong>. El hospital<strong>\u00a0funcionar\u00e1 al m\u00ednimo de sus capacidades<\/strong>. Solo se atender\u00e1n urgencias, emergencias y aquellos turnos que no se puedan reprogramar por razones de fuerza mayor.<\/p>\n\n\n\n<p>Este martes, la gesti\u00f3n de&nbsp;<strong>Javier Milei&nbsp;<\/strong>design\u00f3 este martes a&nbsp;<strong>Mariano Pirozzo<\/strong>\u2014exinterventor del Hospital Nacional Bonaparte\u2014 como&nbsp;<strong>nuevo director m\u00e9dico ejecutivo del hospital Garrahan<\/strong>.<\/p>\n\n\n\n<p>Desde la seccional ATE-Garrahan consideran que se trata de&nbsp;<strong>un paso m\u00e1s en la l\u00ednea de \u201cvaciamiento\u201d de la salud p\u00fablica&nbsp;<\/strong>por parte del Ejecutivo.<\/p>\n\n\n\n<p>\u201cComo indica y reconoce el comunicado oficial del Hospital,&nbsp;<strong>Pirozzo&nbsp;<\/strong>no es designado por reunir m\u00e9ritos profesionales en la medicina, sino por incluir en su curr\u00edculum destacados antecedentes en la destrucci\u00f3n y vaciamiento de la salud p\u00fablica\u201d, se\u00f1al\u00f3&nbsp;<strong>Alejandro Lipcovich<\/strong>, secretario general de&nbsp;<strong>ATE Garrahan<\/strong>.<\/p>\n\n\n\n<p>El conflicto en el Garrahan se intensific\u00f3 luego del&nbsp;<strong>reclamo salarial de los m\u00e9dicos residentes<\/strong>, que consiguieron un bono extra financiado con recursos propios del hospital.<\/p>\n\n\n\n<p>No obstante, el Gobierno luego&nbsp;<strong>redefini\u00f3 el r\u00e9gimen de residencias como \u201cbecas\u201d<\/strong>, lo que condicion\u00f3 el acceso a esos ingresos a la renuncia al contrato laboral con recibo de sueldo, aportes jubilatorios y cobertura social.<\/p>\n\n\n\n<h2 class=\"wp-block-heading\">Cu\u00e1ndo ser\u00e1 el nuevo paro del hospital Garrahan y qu\u00e9 d\u00eda se movilizar\u00e1n los m\u00e9dicos<\/h2>\n\n\n\n<p>Los trabajadores del&nbsp;<strong>hospital Garrahan<\/strong>&nbsp;junto a laseccional de ATE ratificaron el<strong>&nbsp;paro<\/strong>&nbsp;de este<strong>&nbsp;jueves 10 de julio<\/strong>.<\/p>\n\n\n\n<p>La medida de fuerza iniciar\u00e1 a las 7 aunqu<strong>e no se ver\u00e1 interrumpida\u00a0<\/strong>la atenci\u00f3n de a\u00a0<strong>pacientes internados<\/strong>\u00a0ni tampoco el\u00a0<strong>servicio de guardia<\/strong>. Al mediod\u00eda, los t\u00e9cnicos y m\u00e9dicos del establecimiento realizar\u00e1n\u00a0<strong>un abrazo simb\u00f3lico<\/strong>\u00a0al Garrahan.<\/p>\n\n\n\n<p>Adem\u00e1s, confirmaron su convocatoria a la\u00a0<strong>marcha del 17 de julio<\/strong>, desde Congreso a Plaza de Mayo bajo la consigna\u00a0<strong>\u201cDefendamos al Garrahan y en contra de su vaciamiento<\/strong>\u201d. La misma comenzar\u00e1 a las 16.30 horas.<\/p>\n","protected":false},"excerpt":{"rendered":"<p>La medida de fuerza ser\u00e1 ma\u00f1ana. El hospital funcionar\u00e1 al m\u00ednimo de sus capacidades. Los\u00a0m\u00e9dicos y t\u00e9cnicos\u00a0del\u00a0hospital Garrahan\u00a0agrupados en ATE realizar\u00e1n un paro de\u00a024 horas\u00a0ante la falta de propuestas de&hellip; <\/p>\n","protected":false},"author":6,"featured_media":216516,"comment_status":"closed","ping_status":"open","sticky":false,"template":"","format":"standard","meta":{"footnotes":""},"categories":[3],"tags":[],"class_list":["post-216511","post","type-post","status-publish","format-standard","has-post-thumbnail","hentry","category-politica"],"_links":{"self":[{"href":"https:\/\/corrientesdetarde.com\/index.php\/wp-json\/wp\/v2\/posts\/216511","targetHints":{"allow":["GET"]}}],"collection":[{"href":"https:\/\/corrientesdetarde.com\/index.php\/wp-json\/wp\/v2\/posts"}],"about":[{"href":"https:\/\/corrientesdetarde.com\/index.php\/wp-json\/wp\/v2\/types\/post"}],"author":[{"embeddable":true,"href":"https:\/\/corrientesdetarde.com\/index.php\/wp-json\/wp\/v2\/users\/6"}],"replies":[{"embeddable":true,"href":"https:\/\/corrientesdetarde.com\/index.php\/wp-json\/wp\/v2\/comments?post=216511"}],"version-history":[{"count":1,"href":"https:\/\/corrientesdetarde.com\/index.php\/wp-json\/wp\/v2\/posts\/216511\/revisions"}],"predecessor-version":[{"id":216517,"href":"https:\/\/corrientesdetarde.com\/index.php\/wp-json\/wp\/v2\/posts\/216511\/revisions\/216517"}],"wp:featuredmedia":[{"embeddable":true,"href":"https:\/\/corrientesdetarde.com\/index.php\/wp-json\/wp\/v2\/media\/216516"}],"wp:attachment":[{"href":"https:\/\/corrientesdetarde.com\/index.php\/wp-json\/wp\/v2\/media?parent=216511"}],"wp:term":[{"taxonomy":"category","embeddable":true,"href":"https:\/\/corrientesdetarde.com\/index.php\/wp-json\/wp\/v2\/categories?post=216511"},{"taxonomy":"post_tag","embeddable":true,"href":"https:\/\/corrientesdetarde.com\/index.php\/wp-json\/wp\/v2\/tags?post=216511"}],"curies":[{"name":"wp","href":"https:\/\/api.w.org\/{rel}","templated":true}]}}