{"id":216521,"date":"2025-07-09T16:55:00","date_gmt":"2025-07-09T19:55:00","guid":{"rendered":"https:\/\/corrientesdetarde.com\/?p=216521"},"modified":"2025-07-09T16:39:42","modified_gmt":"2025-07-09T19:39:42","slug":"el-presidente-hablo-sobre-el-viaje-cancelado-a-tucuman","status":"publish","type":"post","link":"https:\/\/corrientesdetarde.com\/index.php\/politica\/el-presidente-hablo-sobre-el-viaje-cancelado-a-tucuman\/","title":{"rendered":"El Presidente habl\u00f3 sobre el viaje cancelado a Tucum\u00e1n."},"content":{"rendered":"\n<h2 class=\"wp-block-heading\">Adem\u00e1s, el mandatario dijo: &#8220;Era una cuesti\u00f3n de riesgo enorme. La recomendaci\u00f3n era que bajo ning\u00fan punto de vista me hicieran viajar&#8221;.<\/h2>\n\n\n\n<p>El presidente Javier Milei asegur\u00f3 que su plan era &#8220;hacer la ceremonia hist\u00f3rica en la Casa de Tucum\u00e1n&#8221;, pero, a ra\u00edz de las condiciones clim\u00e1ticas, la recomendaci\u00f3n fue &#8220;que no se viajara&#8221;, a la vez que dijo que &#8220;no estaban garantizadas las condiciones para volver&#8221; a Buenos Aires y dijo que &#8220;las especulaciones&#8221; lo tienen &#8220;sin cuidado&#8221;.<\/p>\n\n\n\n<p>&#8220;Nuestro plan era hacer la ceremonia hist\u00f3rica en la Casa de Tucum\u00e1n y el plan se mantuvo hasta las 17. Estaba en Olivos y no se ve\u00eda nada, era como estar dentro de una nube, y la situaci\u00f3n era compleja. Hab\u00eda much\u00edsimos vuelos que estaban cancelados y ya la recomendaci\u00f3n era que no se viajara. Era un peligro. Lo m\u00e1s complejo era que no estaban garantizadas las condiciones para volver&#8221;, se\u00f1al\u00f3 el mandatario.<\/p>\n\n\n\n<p>Asimismo, a\u00f1adi\u00f3: &#8220;Hacia el mediod\u00eda daba la sensaci\u00f3n de que hab\u00eda calmado, entonces volvimos con la idea y despu\u00e9s volvi\u00f3 a ponerse todo que era una nube, no se ve\u00eda a un metro. Era una cuesti\u00f3n de riesgo enorme. La recomendaci\u00f3n era que bajo ning\u00fan punto de vista me hicieran viajar&#8221;.<\/p>\n\n\n\n<p>&#8220;Despu\u00e9s, el resto de las especulaciones me tienen sin cuidado, de hecho lo estiramos hasta \u00faltimo momento. Si pretenden que para hacer una cr\u00edtica que me suba a un avi\u00f3n y corra riesgo de vida, era bastante imprudente y eso es lo que las fuerzas determinaron, que no era apropiado&#8221;, dijo en una entrevista con El Observador.<\/p>\n","protected":false},"excerpt":{"rendered":"<p>Adem\u00e1s, el mandatario dijo: &#8220;Era una cuesti\u00f3n de riesgo enorme. La recomendaci\u00f3n era que bajo ning\u00fan punto de vista me hicieran viajar&#8221;. El presidente Javier Milei asegur\u00f3 que su plan&hellip; <\/p>\n","protected":false},"author":6,"featured_media":216522,"comment_status":"closed","ping_status":"open","sticky":false,"template":"","format":"standard","meta":{"footnotes":""},"categories":[3],"tags":[],"class_list":["post-216521","post","type-post","status-publish","format-standard","has-post-thumbnail","hentry","category-politica"],"_links":{"self":[{"href":"https:\/\/corrientesdetarde.com\/index.php\/wp-json\/wp\/v2\/posts\/216521","targetHints":{"allow":["GET"]}}],"collection":[{"href":"https:\/\/corrientesdetarde.com\/index.php\/wp-json\/wp\/v2\/posts"}],"about":[{"href":"https:\/\/corrientesdetarde.com\/index.php\/wp-json\/wp\/v2\/types\/post"}],"author":[{"embeddable":true,"href":"https:\/\/corrientesdetarde.com\/index.php\/wp-json\/wp\/v2\/users\/6"}],"replies":[{"embeddable":true,"href":"https:\/\/corrientesdetarde.com\/index.php\/wp-json\/wp\/v2\/comments?post=216521"}],"version-history":[{"count":1,"href":"https:\/\/corrientesdetarde.com\/index.php\/wp-json\/wp\/v2\/posts\/216521\/revisions"}],"predecessor-version":[{"id":216523,"href":"https:\/\/corrientesdetarde.com\/index.php\/wp-json\/wp\/v2\/posts\/216521\/revisions\/216523"}],"wp:featuredmedia":[{"embeddable":true,"href":"https:\/\/corrientesdetarde.com\/index.php\/wp-json\/wp\/v2\/media\/216522"}],"wp:attachment":[{"href":"https:\/\/corrientesdetarde.com\/index.php\/wp-json\/wp\/v2\/media?parent=216521"}],"wp:term":[{"taxonomy":"category","embeddable":true,"href":"https:\/\/corrientesdetarde.com\/index.php\/wp-json\/wp\/v2\/categories?post=216521"},{"taxonomy":"post_tag","embeddable":true,"href":"https:\/\/corrientesdetarde.com\/index.php\/wp-json\/wp\/v2\/tags?post=216521"}],"curies":[{"name":"wp","href":"https:\/\/api.w.org\/{rel}","templated":true}]}}