{"id":216526,"date":"2025-07-09T17:14:00","date_gmt":"2025-07-09T20:14:00","guid":{"rendered":"https:\/\/corrientesdetarde.com\/?p=216526"},"modified":"2025-07-09T17:56:30","modified_gmt":"2025-07-09T20:56:30","slug":"la-bronca-del-papa-de-thiago-correa-tras-la-liberacion-del-policia-que-mato-a-su-hijo","status":"publish","type":"post","link":"https:\/\/corrientesdetarde.com\/index.php\/crimen-y-justicia\/la-bronca-del-papa-de-thiago-correa-tras-la-liberacion-del-policia-que-mato-a-su-hijo\/","title":{"rendered":"La bronca del pap\u00e1 de Thiago Correa tras la liberaci\u00f3n del polic\u00eda que mat\u00f3 a su hijo."},"content":{"rendered":"\n<h2 class=\"wp-block-heading\">La Justicia liber\u00f3 al agente Facundo Aguilar Fajardo, mientras que los tres ladrones involucrados en el intento de robo seguir\u00e1n detenidos.<\/h2>\n\n\n\n<p>Todo es desconsuelo por estas horas para la familia de\u00a0<strong>Thiago Correa<\/strong>, el nene de 7 a\u00f1os que muri\u00f3 en<strong>\u00a0Ciudad Evita<\/strong>\u00a0tras ser alcanzado por un balazo de un polic\u00eda que intent\u00f3 defenderse de un robo. Tras\u00a0<strong>la liberaci\u00f3n del agente<\/strong>\u00a0involucrado en el hecho, el pap\u00e1 de la v\u00edctima expres\u00f3 su dolor en declaraciones.<\/p>\n\n\n\n<p><strong>\u201cEstamos destruidos. Uno busca estar tranquilo y te viene una noticia as\u00ed.<\/strong>\u00a0No es justo para nosotros, que estamos sufriendo\u201d, coment\u00f3\u00a0<strong>Fabi\u00e1n Correa<\/strong>\u00a0con la voz quebrada.<\/p>\n\n\n\n<p>El 4 de junio, un intento de robo en el partido de\u00a0<strong>La Matanza<\/strong>\u00a0termin\u00f3 en tragedia. La Justicia decidi\u00f3 este martes liberar al polic\u00eda\u00a0<strong>Facundo Aguilar Fajardo<\/strong>, mientras que dict\u00f3 prisi\u00f3n preventiva para los tres ladrones que participaron en el hecho.<\/p>\n\n\n\n<p>El&nbsp;<strong>fiscal de homicidios de La Matanza, Diego Rulli<\/strong>, hab\u00eda solicitado la prisi\u00f3n preventiva del agente, pero el&nbsp;<strong>Juez de Garant\u00edas N\u00b03, Rub\u00e9n Ochipinti<\/strong>, consider\u00f3 que no hab\u00eda elementos suficientes para mantenerlo detenido.<\/p>\n\n\n\n<figure class=\"wp-block-image\"><img decoding=\"async\" src=\"https:\/\/tn.com.ar\/resizer\/v2\/la-justicia-dicto-prision-preventiva-para-los-tres-delincuentes-por-el-crimen-de-thiago-correa-foto-instagram-fabiancorrea96-captura-de-video-tn-BE5XEWMHTZHBTMFNGE4GHOYJFM.jpg?auth=2f39de5d48426733c8d916f0b545e05a25f7d5459b5661160d726518405a92e6&amp;width=767\" alt=\"La Justicia dict\u00f3 prisi\u00f3n preventiva para los tres delincuentes por el crimen de Thiago Correa. (Foto: Instagram @fabian_correa96 \/ captura de video TN).\"\/><figcaption class=\"wp-element-caption\">La Justicia dict\u00f3 prisi\u00f3n preventiva para los tres delincuentes por el crimen de Thiago Correa. (Foto: Instagram @fabian_correa96 \/ captura de video TN).<\/figcaption><\/figure>\n\n\n\n<h2 class=\"wp-block-heading\">Cambios en la imputaci\u00f3n del polic\u00eda<\/h2>\n\n\n\n<p>Inicialmente, Aguilar Fajardo estuvo imputado por&nbsp;<strong>homicidio doloso<\/strong>, pero la calificaci\u00f3n legal cambi\u00f3 a&nbsp;<strong>homicidio culposo<\/strong>. El juez Ochipinti evalu\u00f3 que no hubo intenci\u00f3n de matar, aunque s\u00ed reconoci\u00f3 imprudencia y negligencia por parte del polic\u00eda.<\/p>\n\n\n\n<p>Ahora, Aguilar Fajardo enfrenta cargos por&nbsp;<strong>homicidio agravado por el uso de arma de fuego, en exceso de leg\u00edtima defensa<\/strong>, lesiones graves y homicidio culposo.<\/p>\n\n\n\n<p>Con la nueva calificaci\u00f3n legal, Aguilar Fajardo&nbsp;<strong>podr\u00eda recibir una pena que va desde los seis meses hasta los 5 a\u00f1os de c\u00e1rcel.<\/strong><\/p>\n\n\n\n<p>Horas atr\u00e1s, dictaron la<strong>&nbsp;prisi\u00f3n preventiva&nbsp;<\/strong>para&nbsp;<strong>Uriel Alexis Montenovo (21), Uriel Emanuel Leyva (21) y Joaqu\u00edn L\u00f3pez Otto<\/strong>, los delincuentes que estuvieron involucrados en el asalto que provoc\u00f3 la intervenci\u00f3n de Aguilar Fajardo.<\/p>\n\n\n\n<figure class=\"wp-block-image\"><img decoding=\"async\" src=\"https:\/\/tn.com.ar\/resizer\/v2\/estamos-destrozados-dijo-fabian-papa-de-thiago-foto-instagram-fabiancorrea96-JAHSAO4LKFBTRHYB2QUVK44QZ4.jpg?auth=263bd5c9247a930d4ff4319adc9db56c8da4a4972c8f51f430373f59f9eaf235&amp;width=767\" alt=\"&quot;Estamos destrozados&quot;, dijo Fabi\u00e1n, pap\u00e1 de Thiago. (Foto: Instagram @fabian_correa96)\"\/><figcaption class=\"wp-element-caption\">&#8220;Estamos destrozados&#8221;, dijo Fabi\u00e1n, pap\u00e1 de Thiago. (Foto: Instagram @fabian_correa96)<\/figcaption><\/figure>\n\n\n\n<p>En la resoluci\u00f3n, la Fiscal\u00eda consider\u00f3 que \u201cexisten elementos de convicci\u00f3n e indicios para sostener que los nombrados\u00a0<strong>sean los probables coautores penalmente responsables<\/strong>\u00a0del delito de robo agravado por su comisi\u00f3n en el lugar, en poblado y en banda, por el empleo de un arma de fuego no apta para el disparo y por la participaci\u00f3n de un menor de edad en grado de tentativa&#8221;.<\/p>\n\n\n\n<p>Al mismo tiempo, no hicieron lugar a la alternativa de prisi\u00f3n preventiva solicitada para L\u00f3pez Otto y Leyva.<\/p>\n\n\n\n<p>En medio del dolor por la irremediable p\u00e9rdida y las circunstancias que la rodearon, la decisi\u00f3n del juez fue una pu\u00f1alada en el alma para la familia de Thiago.<\/p>\n\n\n\n<p><strong>\u201cEstoy muy mal, angustiado.&nbsp;<\/strong>Pero vamos a seguir peleando. Estamos acompa\u00f1ados\u201d, concluy\u00f3 Fabi\u00e1n.<\/p>\n","protected":false},"excerpt":{"rendered":"<p>La Justicia liber\u00f3 al agente Facundo Aguilar Fajardo, mientras que los tres ladrones involucrados en el intento de robo seguir\u00e1n detenidos. Todo es desconsuelo por estas horas para la familia&hellip; <\/p>\n","protected":false},"author":6,"featured_media":216538,"comment_status":"closed","ping_status":"open","sticky":false,"template":"","format":"standard","meta":{"footnotes":""},"categories":[5],"tags":[],"class_list":["post-216526","post","type-post","status-publish","format-standard","has-post-thumbnail","hentry","category-crimen-y-justicia"],"_links":{"self":[{"href":"https:\/\/corrientesdetarde.com\/index.php\/wp-json\/wp\/v2\/posts\/216526","targetHints":{"allow":["GET"]}}],"collection":[{"href":"https:\/\/corrientesdetarde.com\/index.php\/wp-json\/wp\/v2\/posts"}],"about":[{"href":"https:\/\/corrientesdetarde.com\/index.php\/wp-json\/wp\/v2\/types\/post"}],"author":[{"embeddable":true,"href":"https:\/\/corrientesdetarde.com\/index.php\/wp-json\/wp\/v2\/users\/6"}],"replies":[{"embeddable":true,"href":"https:\/\/corrientesdetarde.com\/index.php\/wp-json\/wp\/v2\/comments?post=216526"}],"version-history":[{"count":1,"href":"https:\/\/corrientesdetarde.com\/index.php\/wp-json\/wp\/v2\/posts\/216526\/revisions"}],"predecessor-version":[{"id":216539,"href":"https:\/\/corrientesdetarde.com\/index.php\/wp-json\/wp\/v2\/posts\/216526\/revisions\/216539"}],"wp:featuredmedia":[{"embeddable":true,"href":"https:\/\/corrientesdetarde.com\/index.php\/wp-json\/wp\/v2\/media\/216538"}],"wp:attachment":[{"href":"https:\/\/corrientesdetarde.com\/index.php\/wp-json\/wp\/v2\/media?parent=216526"}],"wp:term":[{"taxonomy":"category","embeddable":true,"href":"https:\/\/corrientesdetarde.com\/index.php\/wp-json\/wp\/v2\/categories?post=216526"},{"taxonomy":"post_tag","embeddable":true,"href":"https:\/\/corrientesdetarde.com\/index.php\/wp-json\/wp\/v2\/tags?post=216526"}],"curies":[{"name":"wp","href":"https:\/\/api.w.org\/{rel}","templated":true}]}}