{"id":216528,"date":"2025-07-09T17:07:00","date_gmt":"2025-07-09T20:07:00","guid":{"rendered":"https:\/\/corrientesdetarde.com\/?p=216528"},"modified":"2025-07-09T17:28:29","modified_gmt":"2025-07-09T20:28:29","slug":"murio-un-soldado-argentino-que-combatia-para-el-ejercito-ucraniano","status":"publish","type":"post","link":"https:\/\/corrientesdetarde.com\/index.php\/internacionales\/murio-un-soldado-argentino-que-combatia-para-el-ejercito-ucraniano\/","title":{"rendered":"Muri\u00f3 un soldado argentino que combat\u00eda para el ej\u00e9rcito ucraniano."},"content":{"rendered":"\n<h2 class=\"wp-block-heading\">Emmanuel Vilte, de 39 a\u00f1os, combat\u00eda para el ej\u00e9rcito ucraniano y muri\u00f3 durante un ataque por un dron ruso.<\/h2>\n\n\n\n<p>Un soldado oriundo de la ciudad chubutense de Comodoro Rivadavia fue asesinado cuando combat\u00eda como soldado en la Guerra de Ucrania tras ser alcanzado por un dron ruso durante un ataque.<\/p>\n\n\n\n<p>Se trata de Emmanuel &#8220;Coca&#8221; Vilte, quien ten\u00eda 39 a\u00f1os, hab\u00eda llegado a Ucrania en junio de 2022 y falleci\u00f3 en la ciudad de Pokrovsk al este de Ucrania donde, seg\u00fan se inform\u00f3, fue identificado por un dron ruso Shahed y asesinado.<\/p>\n\n\n\n<p>Seg\u00fan indic\u00f3 ADNSUR, Vilte estudi\u00f3 en la escuela Juan XXIII y en el Colegio Magisterio de la citada ciudad del sur argentino, cuando termin\u00f3 la secundaria, en 2004, quiso ser polic\u00eda, pero deb\u00eda algunas materias y no pudo ingresar a la fuerza y decidi\u00f3 entrar como voluntario al Ej\u00e9rcito Argentino, donde comenz\u00f3 su v\u00ednculo con las fuerzas armadas.<\/p>\n\n\n\n<p>Durante cuatro a\u00f1os integr\u00f3 la Compa\u00f1\u00eda de Comunicaciones 9 donde aprendi\u00f3 instrucci\u00f3n militar, desde disparar con FAL o 9 mil\u00edmetros, hasta estudiar t\u00e1ctica y estrategia militar, pero pidi\u00f3 la baja por problemas personales.<\/p>\n\n\n\n<p>En tanto, el medio sure\u00f1o indic\u00f3 que Vilte trabaj\u00f3 en varios rubros y el \u00faltimo fue como repositor de supermercados, reponiendo aguas y bebidas, pero no se sent\u00eda feliz y, cuando se enter\u00f3 del conflicto entre Ucrania y Rusia, y la incorporaci\u00f3n de extranjeros para las fuerzas armadas ucranianas, entendi\u00f3 que era su oportunidad.<\/p>\n\n\n\n<p>&#8220;Cuando empez\u00f3 la guerra vi que iban a reclutar gente para que venga a luchar por Ucrania. Estuve buscando durante tres meses alg\u00fan contacto, mand\u00e9 correos a la embajada, pero nada, hasta que consegu\u00ed un contacto por un muchacho ucraniano que vino a Calafate. Vi una nota que le hicieron en TN, me contact\u00e9 con \u00e9l y ah\u00ed surgi\u00f3 la posibilidad de ir para all\u00e1&#8221;, explic\u00f3 en una entrevista.<\/p>\n\n\n\n<p>Durante 2023 y 2024, Vilte se desempe\u00f1\u00f3 manejando drones FPV y drones kamikaze, mientras que en el tiempo que vivi\u00f3 en Ucrania, el soldado argentino se cas\u00f3 con una ciudadana ucraniana y tuvo una hija.<\/p>\n","protected":false},"excerpt":{"rendered":"<p>Emmanuel Vilte, de 39 a\u00f1os, combat\u00eda para el ej\u00e9rcito ucraniano y muri\u00f3 durante un ataque por un dron ruso. Un soldado oriundo de la ciudad chubutense de Comodoro Rivadavia fue&hellip; <\/p>\n","protected":false},"author":6,"featured_media":216529,"comment_status":"closed","ping_status":"open","sticky":false,"template":"","format":"standard","meta":{"footnotes":""},"categories":[11],"tags":[],"class_list":["post-216528","post","type-post","status-publish","format-standard","has-post-thumbnail","hentry","category-internacionales"],"_links":{"self":[{"href":"https:\/\/corrientesdetarde.com\/index.php\/wp-json\/wp\/v2\/posts\/216528","targetHints":{"allow":["GET"]}}],"collection":[{"href":"https:\/\/corrientesdetarde.com\/index.php\/wp-json\/wp\/v2\/posts"}],"about":[{"href":"https:\/\/corrientesdetarde.com\/index.php\/wp-json\/wp\/v2\/types\/post"}],"author":[{"embeddable":true,"href":"https:\/\/corrientesdetarde.com\/index.php\/wp-json\/wp\/v2\/users\/6"}],"replies":[{"embeddable":true,"href":"https:\/\/corrientesdetarde.com\/index.php\/wp-json\/wp\/v2\/comments?post=216528"}],"version-history":[{"count":1,"href":"https:\/\/corrientesdetarde.com\/index.php\/wp-json\/wp\/v2\/posts\/216528\/revisions"}],"predecessor-version":[{"id":216530,"href":"https:\/\/corrientesdetarde.com\/index.php\/wp-json\/wp\/v2\/posts\/216528\/revisions\/216530"}],"wp:featuredmedia":[{"embeddable":true,"href":"https:\/\/corrientesdetarde.com\/index.php\/wp-json\/wp\/v2\/media\/216529"}],"wp:attachment":[{"href":"https:\/\/corrientesdetarde.com\/index.php\/wp-json\/wp\/v2\/media?parent=216528"}],"wp:term":[{"taxonomy":"category","embeddable":true,"href":"https:\/\/corrientesdetarde.com\/index.php\/wp-json\/wp\/v2\/categories?post=216528"},{"taxonomy":"post_tag","embeddable":true,"href":"https:\/\/corrientesdetarde.com\/index.php\/wp-json\/wp\/v2\/tags?post=216528"}],"curies":[{"name":"wp","href":"https:\/\/api.w.org\/{rel}","templated":true}]}}