{"id":216544,"date":"2025-07-09T17:49:00","date_gmt":"2025-07-09T20:49:00","guid":{"rendered":"https:\/\/corrientesdetarde.com\/?p=216544"},"modified":"2025-07-09T18:16:15","modified_gmt":"2025-07-09T21:16:15","slug":"wanda-nara-cruzo-a-la-china-suarez-por-haber-destrozado-a-benjamin-vicuna","status":"publish","type":"post","link":"https:\/\/corrientesdetarde.com\/index.php\/espectaculos\/wanda-nara-cruzo-a-la-china-suarez-por-haber-destrozado-a-benjamin-vicuna\/","title":{"rendered":"Wanda Nara cruz\u00f3 a la China Su\u00e1rez por haber destrozado a Benjam\u00edn Vicu\u00f1a."},"content":{"rendered":"\n<h2 class=\"wp-block-heading\">La medi\u00e1tica habl\u00f3 por primera vez sobre el dur\u00edsimo posteo que la actriz le dedic\u00f3 al gal\u00e1n chileno.<\/h2>\n\n\n\n<p><strong>Wanda Nara<\/strong>\u00a0cruz\u00f3 a la <strong>China Su\u00e1rez<\/strong>\u00a0por haber hecho un posteo en Instagram en el que expon\u00eda las situaciones que vivi\u00f3 cuando estaba en pareja con <strong>Benjam\u00edn Vicu\u00f1a<\/strong>.<\/p>\n\n\n\n<p>\u201c<strong>Me parece un horror\u00a0<\/strong>todo lo que est\u00e1 saliendo y nadie deber\u00eda hacerse eso\u201d, expres\u00f3 la medi\u00e1tica este mi\u00e9rcoles en un m\u00f3vil para\u00a0<em>Intrusos (Am\u00e9rica)<\/em>.<\/p>\n\n\n\n<p>De esa manera, Wanda se mostr\u00f3 en contra de la decisi\u00f3n que tom\u00f3 la China de contar intimidades de su relaci\u00f3n con Benjam\u00edn. \u201cMe parece que todos tenemos hijos adolescentes y las cosas de los grandes<strong>\u00a0tienen que tener siempre un limite<\/strong>\u201d, expres\u00f3 con firmeza la ex de Icardi.<\/p>\n\n\n\n<p>Adem\u00e1s, la empresaria de cosm\u00e9ticos defendi\u00f3 a Vicu\u00f1a de todas las acusaciones de Eugenia Su\u00e1rez. \u201c<strong>\u00c9l conmigo siempre fue muy gal\u00e1n&nbsp;<\/strong>en situaciones dif\u00edciles, hay que tener tambi\u00e9n respeto con Caro que tiene hijos con \u00e9l\u201d, dijo para referirse a Pampita.<\/p>\n\n\n\n<p>Durante el m\u00f3vil, le preguntaron si ella se hubiera ido a&nbsp;<strong>Turqu\u00eda&nbsp;<\/strong>sin sus hijos, al igual que la China. \u201cNo me voy a poner en guerra con otra persona,<strong>&nbsp;cada uno sabe por qu\u00e9 y c\u00f3mo hace las cosas<\/strong>, no voy a juzgar porque no s\u00e9 c\u00f3mo es cada madre\u201d, reaccion\u00f3.<\/p>\n\n\n\n<h2 class=\"wp-block-heading\">Qu\u00e9 dijo la China Su\u00e1rez sobre Benjam\u00edn Vicu\u00f1a<\/h2>\n\n\n\n<p>La ex Casi \u00c1ngeles se indign\u00f3 por la decisi\u00f3n de Vicu\u00f1a de no dejarla salir del pa\u00eds con sus dos hijos, y decidi\u00f3 hacer un terrible posteo en su perfil de Instagram. \u201c\u2018El pap\u00e1 del a\u00f1o\u2019. Quien no habla con la prensa porque \u2018no es medi\u00e1tico\u2019, pero se cansa de llamar para que cuenten su versi\u00f3n. El pap\u00e1 del a\u00f1o que&nbsp;<strong>me dejaba tirada&nbsp;<\/strong>cuando me agarr\u00e9 covid con mis hijos, se fue a Chile y apag\u00f3 el tel\u00e9fono d\u00edas para irse de joda. El que me dejaba tirada dando teta, cuid\u00e1ndolos siempre&nbsp;<strong>mientras \u00e9l se iba \u2018de gira\u2019<\/strong>\u201c, escribi\u00f3.<\/p>\n\n\n\n<figure class=\"wp-block-image\"><img decoding=\"async\" src=\"https:\/\/tn.com.ar\/resizer\/v2\/benjamin-vicuna-junto-a-sus-hijos-magnolia-y-amancio-foto-instagram-benjaminvicunaok-XBKPIDCSL5FTVKWXPRPELDTOFQ.jpg?auth=6303ad72b5e2505df4edf5f1bf206f7f6eeb6bfcf78c6ea0ead2d3e3e98f0ed3&amp;width=767\" alt=\"Benjam\u00edn Vicu\u00f1a junto a sus hijos Magnolia y Amancio. (Foto: Instagram \/ benjaminvicuna.ok)\n\"\/><figcaption class=\"wp-element-caption\">Benjam\u00edn Vicu\u00f1a junto a sus hijos Magnolia y Amancio. (Foto: Instagram \/ benjaminvicuna.ok)<\/figcaption><\/figure>\n\n\n\n<p>\u201cEl pap\u00e1 del a\u00f1o, que en 7 a\u00f1os<strong>\u00a0nunca pudo llevarlos de viaje\u00a0<\/strong>(excepto a Chile) porque \u2018era mucha plata\u2019. El pap\u00e1 del a\u00f1o, a quien su hija de 2 a\u00f1os le pidi\u00f3 por la noche un vaso de agua, pero como \u00e9l hab\u00eda vuelto de una fiesta no pudo, se dio media vuelta y sigui\u00f3 durmiendo\u201d, continu\u00f3. Y sentenci\u00f3: \u201cEl padre que pide que le saquen fotos las dos veces que va a buscarlos al colegio porque hay \u2018una imagen que sostener\u2019\u201d.<\/p>\n","protected":false},"excerpt":{"rendered":"<p>La medi\u00e1tica habl\u00f3 por primera vez sobre el dur\u00edsimo posteo que la actriz le dedic\u00f3 al gal\u00e1n chileno. Wanda Nara\u00a0cruz\u00f3 a la China Su\u00e1rez\u00a0por haber hecho un posteo en Instagram&hellip; <\/p>\n","protected":false},"author":6,"featured_media":216552,"comment_status":"closed","ping_status":"open","sticky":false,"template":"","format":"standard","meta":{"footnotes":""},"categories":[19],"tags":[],"class_list":["post-216544","post","type-post","status-publish","format-standard","has-post-thumbnail","hentry","category-espectaculos"],"_links":{"self":[{"href":"https:\/\/corrientesdetarde.com\/index.php\/wp-json\/wp\/v2\/posts\/216544","targetHints":{"allow":["GET"]}}],"collection":[{"href":"https:\/\/corrientesdetarde.com\/index.php\/wp-json\/wp\/v2\/posts"}],"about":[{"href":"https:\/\/corrientesdetarde.com\/index.php\/wp-json\/wp\/v2\/types\/post"}],"author":[{"embeddable":true,"href":"https:\/\/corrientesdetarde.com\/index.php\/wp-json\/wp\/v2\/users\/6"}],"replies":[{"embeddable":true,"href":"https:\/\/corrientesdetarde.com\/index.php\/wp-json\/wp\/v2\/comments?post=216544"}],"version-history":[{"count":1,"href":"https:\/\/corrientesdetarde.com\/index.php\/wp-json\/wp\/v2\/posts\/216544\/revisions"}],"predecessor-version":[{"id":216553,"href":"https:\/\/corrientesdetarde.com\/index.php\/wp-json\/wp\/v2\/posts\/216544\/revisions\/216553"}],"wp:featuredmedia":[{"embeddable":true,"href":"https:\/\/corrientesdetarde.com\/index.php\/wp-json\/wp\/v2\/media\/216552"}],"wp:attachment":[{"href":"https:\/\/corrientesdetarde.com\/index.php\/wp-json\/wp\/v2\/media?parent=216544"}],"wp:term":[{"taxonomy":"category","embeddable":true,"href":"https:\/\/corrientesdetarde.com\/index.php\/wp-json\/wp\/v2\/categories?post=216544"},{"taxonomy":"post_tag","embeddable":true,"href":"https:\/\/corrientesdetarde.com\/index.php\/wp-json\/wp\/v2\/tags?post=216544"}],"curies":[{"name":"wp","href":"https:\/\/api.w.org\/{rel}","templated":true}]}}