{"id":216546,"date":"2025-07-09T17:42:00","date_gmt":"2025-07-09T20:42:00","guid":{"rendered":"https:\/\/corrientesdetarde.com\/?p=216546"},"modified":"2025-07-09T18:11:04","modified_gmt":"2025-07-09T21:11:04","slug":"la-mesa-de-enlace-manifesto-su-incertidumbre-y-preocupacion-por-los-cambios-en-el-inta-y-otros-organismos","status":"publish","type":"post","link":"https:\/\/corrientesdetarde.com\/index.php\/politica\/la-mesa-de-enlace-manifesto-su-incertidumbre-y-preocupacion-por-los-cambios-en-el-inta-y-otros-organismos\/","title":{"rendered":"La mesa de enlace manifest\u00f3 su \u201cincertidumbre y preocupaci\u00f3n\u201d por los cambios en el INTA y otros organismos."},"content":{"rendered":"\n<h2 class=\"wp-block-heading\">Las 4 entidades del campo pidieron \u201cinstituciones s\u00f3lidas y marcos estables que faciliten e impulsen el desarrollo productivo\u201d.<\/h2>\n\n\n\n<p>La\u00a0<strong>mesa de enlace<\/strong>\u00a0expres\u00f3 su\u00a0<strong>\u201cincertidumbre y preocupaci\u00f3n\u201d\u00a0<\/strong>tras los cambios del gobierno de\u00a0<strong>Javier Milei\u00a0<\/strong>en el<strong>Instituto Nacional de Tecnolog\u00eda Agropecuaria (INTA)<\/strong>, que fueron oficializados este martes en el Bolet\u00edn Oficial e implican una\u00a0<strong>p\u00e9rdida de autarqu\u00eda del organismo.<\/strong><\/p>\n\n\n\n<p>En ese sentido, las\u00a0<strong>4 entidades (FAA, SRA, Coninagro y CRA)\u00a0<\/strong>pidieron \u201cinstituciones s\u00f3lidas y marcos estables que faciliten e impulsen el desarrollo productivo\u201d.<\/p>\n\n\n\n<p>\u201cEn un pa\u00eds hist\u00f3ricamente vulnerable a las modificaciones impulsadas por los sucesivos gobiernos, estamos convencidos de que los organismos oficiales y las instituciones p\u00fablico-privadas deben contar con un funcionamiento aut\u00f3nomo y estable, para evitar alteraciones que afecten procesos, metodolog\u00edas y la toma de decisiones\u201d, expres\u00f3 la\u00a0<strong>Comisi\u00f3n de Enlace de Entidades Agropecuarias (CEEA)\u00a0<\/strong>luego de que se oficializaran las modificaciones en el INTA y otros organismos vinculados al sector.<\/p>\n\n\n\n<p>Al respecto, consideraron que esto es esencial para \u201cbrindar previsibilidad a las fuerzas econ\u00f3micas y contribuir al fortalecimiento de toda la sociedad\u201d.<\/p>\n\n\n\n<p>En el caso particular del INTA, indicaron que, como representantes de los productores, esperan ser convocados para analizar el esquema que se propone y evaluar sus implicancias.<\/p>\n\n\n\n<p>\u201cSomos plenamente conscientes de que&nbsp;<strong>este organismo necesita modernizarse, potenciando sus recursos humanos y consolid\u00e1ndose como motor de investigaci\u00f3n, desarrollo y extensi\u00f3n rural en la Argentina<\/strong>, y en este sentido hemos transitado todo este tiempo haciendo nuestros aportes\u201d, expresaron.<\/p>\n\n\n\n<p>Por \u00faltimo, concluyeron: \u201cPara ello,<strong>&nbsp;desde el campo creemos firmemente en la necesidad de reglas claras, instituciones s\u00f3lidas y marcos estables<\/strong>&nbsp;que faciliten e impulsen el desarrollo productivo y agroindustrial mediante la innovaci\u00f3n, arraigo y extensionismo rural para el bien de toda la sociedad\u201d.<\/p>\n\n\n\n<h2 class=\"wp-block-heading\">La Federaci\u00f3n Agraria manifest\u00f3 su rechazo a la mayor injerencia del Ejecutivo y pidi\u00f3 que se proteja a los peque\u00f1os productores<\/h2>\n\n\n\n<p>Por otro lado, adem\u00e1s del comunicado en conjunto, la presidente de la Federaci\u00f3n Agraria Argentina (FAA),&nbsp;<strong>Andrea Sarnari,&nbsp;<\/strong>cuestion\u00f3 que el Ejecutivo pase a tomar el control pleno de los organismos.<\/p>\n\n\n\n<p>\u201cVemos como l\u00ednea conductora que hay un creciente centralismo, y que casi todos los cambios implementados dejan funcionando organismos gobernados casi totalmente por representantes del Poder Ejecutivo, y recortan el rol del sector privado y de las provincias a \u00e1mbitos consultivos sin poder real\u201d, manifest\u00f3.<\/p>\n\n\n\n<p>Al respecto, agreg\u00f3: \u201cEsto nos preocupa, porque atenta contra el federalismo y tambi\u00e9n contra la articulaci\u00f3n p\u00fablico privada que en casos como el INTA han demostrado sobradamente su importancia\u201d.<\/p>\n\n\n\n<p>En lo inherente al INTA, agreg\u00f3 que le preocupa ver el alcance real que le dan al nuevo car\u00e1cter de \u2018desconcentrado\u2019, as\u00ed como tambi\u00e9n el rol que le asignar\u00e1n al consejo consultivo, considerando que su voluntad queda \u201ccasi desdibujada\u201d.<\/p>\n\n\n\n<p>\u201cEn este sentido, abre muchos interrogantes y genera alarma, porque esto atentar\u00eda directamente sobre la gobernanza y la autarqu\u00eda, al tiempo que deja en manos del gobierno de turno las decisiones y recorta la mirada de largo plazo, fundamental para un organismo como el INTA\u201d, expres\u00f3 la dirigente.<\/p>\n\n\n\n<p>\u201cDesde FAA tambi\u00e9n creemos que&nbsp;<strong>es un error disolver el Instituto Nacional de Agricultura Familiar,&nbsp;<\/strong>as\u00ed como tambi\u00e9n el Banco de Tierras y otras herramientas previstas en la ley 27118. Se trata de instrumentos por los que hemos peleado, y el hecho de que otros gobiernos hayan hecho un mal o inadecuado uso de ellos, no implica que sus objetivos y finalidades no sean fundamentales para los productores de menor escala\u201d, a\u00f1adi\u00f3.<\/p>\n\n\n\n<p>En esta l\u00ednea, acot\u00f3 que&nbsp;<strong>la disoluci\u00f3n del Instituto Nacional de Semillas (INASE) y de la Comisi\u00f3n Nacional de Semillas (CONASE)&nbsp;<\/strong>les genera \u201calarma, en tanto no queda claro el impacto real que tendr\u00e1n los cambios que pretenden implementar\u201d .<\/p>\n\n\n\n<p>\u201cSin dudas, en general creemos que<strong>&nbsp;todas estas desarticulaciones nos afectan con m\u00e1s fuerza a los productores de menor escala<\/strong>,&nbsp;<strong>que somos quienes m\u00e1s necesitamos del apoyo y la protecci\u00f3n del Estado<\/strong>\u201d, enfatiz\u00f3.<\/p>\n\n\n\n<p>\u201cSi bien se puede coincidir en la necesidad de modernizar o agilizar estructuras que en algunos casos estaban sobredimensionadas, vemos en los cambios propuestos que dejan abierta la puerta a que estos organismos queden al arbitrio del gobierno de turno. Es decir, que vayan mutando con cada cambio de gobierno, sin poder brindar previsibilidad ni apoyo real a los productores que los necesitamos\u201d, finaliz\u00f3.<\/p>\n","protected":false},"excerpt":{"rendered":"<p>Las 4 entidades del campo pidieron \u201cinstituciones s\u00f3lidas y marcos estables que faciliten e impulsen el desarrollo productivo\u201d. La\u00a0mesa de enlace\u00a0expres\u00f3 su\u00a0\u201cincertidumbre y preocupaci\u00f3n\u201d\u00a0tras los cambios del gobierno de\u00a0Javier Milei\u00a0en&hellip; <\/p>\n","protected":false},"author":6,"featured_media":216550,"comment_status":"closed","ping_status":"open","sticky":false,"template":"","format":"standard","meta":{"footnotes":""},"categories":[3],"tags":[],"class_list":["post-216546","post","type-post","status-publish","format-standard","has-post-thumbnail","hentry","category-politica"],"_links":{"self":[{"href":"https:\/\/corrientesdetarde.com\/index.php\/wp-json\/wp\/v2\/posts\/216546","targetHints":{"allow":["GET"]}}],"collection":[{"href":"https:\/\/corrientesdetarde.com\/index.php\/wp-json\/wp\/v2\/posts"}],"about":[{"href":"https:\/\/corrientesdetarde.com\/index.php\/wp-json\/wp\/v2\/types\/post"}],"author":[{"embeddable":true,"href":"https:\/\/corrientesdetarde.com\/index.php\/wp-json\/wp\/v2\/users\/6"}],"replies":[{"embeddable":true,"href":"https:\/\/corrientesdetarde.com\/index.php\/wp-json\/wp\/v2\/comments?post=216546"}],"version-history":[{"count":1,"href":"https:\/\/corrientesdetarde.com\/index.php\/wp-json\/wp\/v2\/posts\/216546\/revisions"}],"predecessor-version":[{"id":216551,"href":"https:\/\/corrientesdetarde.com\/index.php\/wp-json\/wp\/v2\/posts\/216546\/revisions\/216551"}],"wp:featuredmedia":[{"embeddable":true,"href":"https:\/\/corrientesdetarde.com\/index.php\/wp-json\/wp\/v2\/media\/216550"}],"wp:attachment":[{"href":"https:\/\/corrientesdetarde.com\/index.php\/wp-json\/wp\/v2\/media?parent=216546"}],"wp:term":[{"taxonomy":"category","embeddable":true,"href":"https:\/\/corrientesdetarde.com\/index.php\/wp-json\/wp\/v2\/categories?post=216546"},{"taxonomy":"post_tag","embeddable":true,"href":"https:\/\/corrientesdetarde.com\/index.php\/wp-json\/wp\/v2\/tags?post=216546"}],"curies":[{"name":"wp","href":"https:\/\/api.w.org\/{rel}","templated":true}]}}