{"id":216547,"date":"2025-07-09T17:35:00","date_gmt":"2025-07-09T20:35:00","guid":{"rendered":"https:\/\/corrientesdetarde.com\/?p=216547"},"modified":"2025-07-09T18:08:25","modified_gmt":"2025-07-09T21:08:25","slug":"el-gremio-de-controladores-aereos-no-llego-a-un-acuerdo-y-ratifico-el-cronograma-de-paros","status":"publish","type":"post","link":"https:\/\/corrientesdetarde.com\/index.php\/politica\/el-gremio-de-controladores-aereos-no-llego-a-un-acuerdo-y-ratifico-el-cronograma-de-paros\/","title":{"rendered":"El gremio de controladores a\u00e9reos no lleg\u00f3 a un acuerdo y ratific\u00f3 el cronograma de paros."},"content":{"rendered":"\n<h2 class=\"wp-block-heading\">La Asociaci\u00f3n T\u00e9cnicos y Empleados de Protecci\u00f3n y Seguridad a la Aeronavegaci\u00f3n (ATEPSA) anunci\u00f3 medidas de fuerzas durante julio. Qu\u00e9 vuelos se ver\u00e1n afectados.<\/h2>\n\n\n\n<p>Tras el fracaso en las negociaciones con el Gobierno, el gremio de <strong>controladores a\u00e9reos<\/strong>\u00a0ratific\u00f3 una serie de medidas de fuerza que\u00a0<strong>afectar\u00e1n el despegue de vuelos durante las vacaciones de invierno<\/strong>. El paro iniciar\u00e1 este viernes\u00a0<strong>11 de julio y finalizar\u00e1 el mi\u00e9rcoles 30<\/strong>.<\/p>\n\n\n\n<p>Este mi\u00e9rcoles, los sindicalistas confirmaron su plan de interrupci\u00f3n del servicio para\u00a0<strong>vuelos nacionales e internacionales<\/strong>\u00a0afectados en distintas franjas horarias durante 10 d\u00edas.<\/p>\n\n\n\n<p>Desde ATEPSA ratificamos las medidas leg\u00edtimas de acci\u00f3n sindical y\u00a0<strong>redefinimos los primeros d\u00edas del cronograma\u00a0<\/strong>para cumplir con nuestro CCT<em>\u201d,\u00a0<\/em>se\u00f1alaron desde la Asociaci\u00f3n T\u00e9cnicos y Empleados de Protecci\u00f3n y Seguridad a la Aeronavegaci\u00f3n.<\/p>\n\n\n\n<p>ATEPSA cuenta con entre\u00a0<strong>1000 y 1200 afiliados\u00a0<\/strong>repartidos en los 54 aeropuertos en funcionamiento en el pa\u00eds, abarcando tanto a controladores de tr\u00e1nsito a\u00e9reo como a otros trabajadores del \u00e1rea t\u00e9cnica. A diferencia de otros sindicatos aeron\u00e1uticos que se vinculan con Aerol\u00edneas Argentinas, los afiliados de ATEPSA dependen de la estatal\u00a0<strong>Empresa Argentina de Navegaci\u00f3n A\u00e9rea (EANA)<\/strong>.<\/p>\n\n\n\n<p>En tanto, las entidades empresarias manifestaron su preocupaci\u00f3n por las consecuencias operativas que provocar\u00e1 las medidas gremiales.&nbsp;<strong>\u201cEl turismo no puede quedar reh\u00e9n de los conflictos\u201d<\/strong>, alert\u00f3 la C\u00e1mara Argentina de Turismo (CAT).<\/p>\n\n\n\n<p>\u201cDesde la C\u00e1mara instamos a las autoridades y al sector gremial a priorizar el di\u00e1logo y garantizar la continuidad de los servicios a\u00e9reos para las pr\u00f3ximas semanas\u201d, plantearon desde CAT.<\/p>\n\n\n\n<h2 class=\"wp-block-heading\">Paro de controladores a\u00e9reos: cu\u00e1les ser\u00e1n los vuelos afectados<\/h2>\n\n\n\n<p>De acuerdo con el&nbsp;<strong>cronograma&nbsp;<\/strong>anunciado por&nbsp;<strong>Atepsa<\/strong>, los paros se realizar\u00e1n de la siguiente manera:<\/p>\n\n\n\n<ul class=\"wp-block-list\">\n<li>Viernes\u00a0<strong>11 de julio<\/strong>: de\u00a0<strong>14 a 16<\/strong>\u00a0horas para vuelos de cabotaje y de\u00a0<strong>18 a 20<\/strong>\u00a0para los internacionales.<\/li>\n\n\n\n<li>S\u00e1bado\u00a0<strong>12 de julio<\/strong>: de\u00a0<strong>21 a 23\u00a0<\/strong>para los<strong>\u00a0vuelos dom\u00e9sticos<\/strong>.<\/li>\n\n\n\n<li>Domingo\u00a0<strong>13 de julio<\/strong>: de\u00a0<strong>9 a 11<\/strong>\u00a0y de\u00a0<strong>15\u00a0<\/strong>a\u00a0<strong>17<\/strong>.<\/li>\n\n\n\n<li>Martes\u00a0<strong>15 de julio<\/strong>: de\u00a0<strong>16 a 19<\/strong>\u00a0para los internacionales y de\u00a0<strong>22\u00a0<\/strong>a\u00a0<strong>23.59<\/strong>\u00a0para los de cabotaje.<\/li>\n\n\n\n<li>Viernes\u00a0<strong>18 de julio<\/strong>: de<strong>\u00a016 a 02<\/strong>\u00a0(del 19 de julio) en\u00a0<strong>toda la aviaci\u00f3n<\/strong>.<\/li>\n\n\n\n<li>Domingo\u00a0<strong>20 de julio<\/strong>: de\u00a0<strong>12 a 22<\/strong>.<\/li>\n\n\n\n<li>Jueves\u00a0<strong>24 de julio<\/strong>: de\u00a0<strong>12 a 23:59<\/strong>.<\/li>\n\n\n\n<li>Viernes\u00a0<strong>25 de julio<\/strong>: de<strong>\u00a06 a 18<\/strong>.<\/li>\n\n\n\n<li>Domingo\u00a0<strong>27 de julio<\/strong>: de\u00a0<strong>14 a 02<\/strong>\u00a0(del 28 de julio).<\/li>\n\n\n\n<li>Mi\u00e9rcoles<strong>\u00a030 de julio<\/strong>: de\u00a0<strong>12 a 23:59<\/strong>.<\/li>\n<\/ul>\n\n\n\n<figure class=\"wp-block-image\"><img decoding=\"async\" src=\"https:\/\/tn.com.ar\/resizer\/v2\/el-cronograma-de-paros-de-atepsa-foto-atepsa-2IGL6ZMCZRF3BEWG75RCMKM3FQ.jfif?auth=c2ce9e60753ca5d260137c4b6a3f8dc9dd9d0225b74f3ba1b69d8961df319121&amp;width=767\" alt=\"El cronograma de paros de ATEPSA (Foto: ATEPSA)\"\/><figcaption class=\"wp-element-caption\">El cronograma de paros de ATEPSA (Foto: ATEPSA)<\/figcaption><\/figure>\n","protected":false},"excerpt":{"rendered":"<p>La Asociaci\u00f3n T\u00e9cnicos y Empleados de Protecci\u00f3n y Seguridad a la Aeronavegaci\u00f3n (ATEPSA) anunci\u00f3 medidas de fuerzas durante julio. Qu\u00e9 vuelos se ver\u00e1n afectados. Tras el fracaso en las negociaciones&hellip; <\/p>\n","protected":false},"author":6,"featured_media":216548,"comment_status":"closed","ping_status":"open","sticky":false,"template":"","format":"standard","meta":{"footnotes":""},"categories":[3],"tags":[],"class_list":["post-216547","post","type-post","status-publish","format-standard","has-post-thumbnail","hentry","category-politica"],"_links":{"self":[{"href":"https:\/\/corrientesdetarde.com\/index.php\/wp-json\/wp\/v2\/posts\/216547","targetHints":{"allow":["GET"]}}],"collection":[{"href":"https:\/\/corrientesdetarde.com\/index.php\/wp-json\/wp\/v2\/posts"}],"about":[{"href":"https:\/\/corrientesdetarde.com\/index.php\/wp-json\/wp\/v2\/types\/post"}],"author":[{"embeddable":true,"href":"https:\/\/corrientesdetarde.com\/index.php\/wp-json\/wp\/v2\/users\/6"}],"replies":[{"embeddable":true,"href":"https:\/\/corrientesdetarde.com\/index.php\/wp-json\/wp\/v2\/comments?post=216547"}],"version-history":[{"count":1,"href":"https:\/\/corrientesdetarde.com\/index.php\/wp-json\/wp\/v2\/posts\/216547\/revisions"}],"predecessor-version":[{"id":216549,"href":"https:\/\/corrientesdetarde.com\/index.php\/wp-json\/wp\/v2\/posts\/216547\/revisions\/216549"}],"wp:featuredmedia":[{"embeddable":true,"href":"https:\/\/corrientesdetarde.com\/index.php\/wp-json\/wp\/v2\/media\/216548"}],"wp:attachment":[{"href":"https:\/\/corrientesdetarde.com\/index.php\/wp-json\/wp\/v2\/media?parent=216547"}],"wp:term":[{"taxonomy":"category","embeddable":true,"href":"https:\/\/corrientesdetarde.com\/index.php\/wp-json\/wp\/v2\/categories?post=216547"},{"taxonomy":"post_tag","embeddable":true,"href":"https:\/\/corrientesdetarde.com\/index.php\/wp-json\/wp\/v2\/tags?post=216547"}],"curies":[{"name":"wp","href":"https:\/\/api.w.org\/{rel}","templated":true}]}}