{"id":216600,"date":"2025-07-10T09:00:04","date_gmt":"2025-07-10T12:00:04","guid":{"rendered":"https:\/\/corrientesdetarde.com\/?p=216600"},"modified":"2025-07-10T09:00:07","modified_gmt":"2025-07-10T12:00:07","slug":"la-provincia-realizo-la-apertura-de-la-15-feria-del-libro","status":"publish","type":"post","link":"https:\/\/corrientesdetarde.com\/index.php\/destacados\/la-provincia-realizo-la-apertura-de-la-15-feria-del-libro\/","title":{"rendered":"La Provincia realiz\u00f3 la apertura de la 15\u00b0 Feria del Libro"},"content":{"rendered":"\n<p>Bajo el lema \u201cLa lectura, refugio de nuestra cultura\u201d, dio inicio este mi\u00e9rcoles la 15\u00b0 edici\u00f3n de la Feria Provincial del Libro, que contar\u00e1 con m\u00e1s de 50 stands de librer\u00edas y editoriales. Estudiantes, vecinos y turistas podr\u00e1n visitarla a lo largo de 10 d\u00edas, hasta el 18 de julio. Cabe recordar que la misma tendr\u00e1 dos sedes en simult\u00e1neo: la Galer\u00eda Col\u00f3n (9 de Julio 1184) y el Colegio Salesiano (9 de Julio 1145).<\/p>\n\n\n\n<p>Durante el acto de apertura, en representaci\u00f3n de la Provincia, el vicegobernador Pedro Braillard Poccard ofreci\u00f3 sus palabras de bienvenida al evento, afirmando que la lectura siempre seguir\u00e1 siendo la forma m\u00e1s efectiva de acceder al conocimiento, a\u00fan en estos tiempos de redes sociales, de la tecnolog\u00eda digital y de la inteligencia artificial. \u201cNada suplanta a la lectura de un libro. Corrientes es una ciudad que ama a la cultura y en ella los libros tienen un valor fundamental\u201d, asever\u00f3.<\/p>\n\n\n\n<p>A su vez, puso de relieve que es importante incentivar a leer, a escribir y a volcar en un libro los \u201csentimientos, experiencias y emociones\u201d.<\/p>\n\n\n\n<p>Luego, Braillard Poccard felicit\u00f3 al arquitecto Gabriel Romero, que 15 a\u00f1os atr\u00e1s fue el impulsor de esta iniciativa y a la actual titular de Cultura, Beatriz Kunin, que contin\u00faa con la obra.<\/p>\n\n\n\n<p>Tambi\u00e9n hizo un homenaje al escritor Gabriel Ceballos, que desde Alvear ha \u201caportado tanto al libro y a la cultura, como otros tantos tambi\u00e9n del interior de la provincia\u201d.<\/p>\n\n\n\n<p>\u201cCorrientes es una ciudad cultural y no tengo dudas que vamos a vivir esta Feria con intensidad y alegr\u00eda\u201d, concluy\u00f3.<\/p>\n\n\n\n<p><strong>Fomentar la lectura desde temprana edad<\/strong><\/p>\n\n\n\n<p>\u201cA partir de hoy vamos a disfrutar de diez d\u00edas maravillosos, con un gran trabajo para fomentar la lectura desde temprana edad\u201d, dijo al dirigirse a los presentes, la ministra de Educaci\u00f3n, Pr\u00e1xedes L\u00f3pez, que destac\u00f3 la presencia en el stand institucional de la escritora, Victoria Zorraqu\u00edn, la que este jueves estar\u00e1 junto a los docentes en el Colegio Salesiano.<\/p>\n\n\n\n<p>Para la ministra, existe un camino trazado desde la cartera a su cargo en la \u201cnoble misi\u00f3n de alfabetizar\u201d, con lo cual esta muestra marca un claro rumbo en ese sentido.<\/p>\n\n\n\n<p>As\u00ed, la ministra tambi\u00e9n subray\u00f3 que el ministerio cuenta con un colectivo que estuvo recorriendo los barrios de la ciudad, promoviendo la lectura.<\/p>\n\n\n\n<p><strong>El libro como factor del desarrollo y creatividad<\/strong><\/p>\n\n\n\n<p>A su turno, la presidenta del Instituto de Cultura, Beatriz Kunin, manifest\u00f3 que el libro es parte fundamental en el desarrollo y la creatividad y en esta edici\u00f3n \u201chacemos hincapi\u00e9 en ello para tener m\u00e1s llegada a los ni\u00f1os y j\u00f3venes\u201d.<\/p>\n\n\n\n<p>Kunin valor\u00f3 el trabajo articulado con el ministerio de Educaci\u00f3n, lo que permitir\u00e1 que los colegios dispongan de d\u00edas de acceso a las diversas actividades, a fin de \u201cseguir fortaleciendo y generando mayor inter\u00e9s por la lectura en nuestros estudiantes\u201d.<\/p>\n\n\n\n<p>Para finalizar, puso en valor que la Feria alcanza una dimensi\u00f3n regional, ya que estar\u00e1n presentes escritores de Misiones, Chaco y Paraguay, entre otros.<\/p>\n\n\n\n<p><strong>Evento que revaloriza a la ciudad<\/strong><\/p>\n\n\n\n<p>Tambi\u00e9n habl\u00f3 en el marco de la apertura, el intendente de Corrientes, Eduardo Tassano, qui\u00e9n remarc\u00f3 lo que significa la Feria: \u201cEs un evento cultural de primera l\u00ednea que revaloriza a la ciudad con su rica historia y exhibe el trabajo de nuestra gente a trav\u00e9s de la cultura\u201d.<\/p>\n\n\n\n<p>\u201cEventos de este tipo redundan en un gran movimiento tur\u00edstico y econ\u00f3mico, en un trabajo conjunto con el gobierno provincial\u201d, consider\u00f3 el jefe comunal, acotando que el mismo genera m\u00e1s trabajo, desarrollo y cultura\u201d.<\/p>\n\n\n\n<p>Y cerr\u00f3 expresando que la Feria promueve que los j\u00f3venes y gente de todas las edades se acerquen a los libros, y que puedan \u201ctenerlos en sus manos, sentir sus texturas y vivir con emoci\u00f3n lo que sus p\u00e1ginas dicen\u201d.<\/p>\n\n\n\n<p>Cabe mencionar que la inauguraci\u00f3n fue propicia para el descubrimiento del cuadro de Pedro Ferre que ser\u00e1 colocado en el recinto de la Legislatura junto a los pr\u00f3ceres de Corrientes.<\/p>\n\n\n\n<p>En tanto, luego de la apertura, en el Sal\u00f3n Auditorio Ceferino Miranda (5\u00ba piso de la Galer\u00eda Col\u00f3n) se llev\u00f3 adelante la mesa inaugural \u201cEscribir con la mano en la tierra\u201d, donde tres escritoras correntinas reflexionaron sobre la obra escrita por Gerardo Pisarello. Fueron parte de dicho espacio de intercambio, las narradoras Myrna Neumann de Rey, Pilar Mu\u00f1oz de Romano y Mar\u00eda Laura Riba, con la moderaci\u00f3n de Carlos Lezcano.<\/p>\n\n\n\n<p>El cierre musical se concret\u00f3 en el escenario Pedro Mar\u00edn (Colegio Salesiano) con la presentaci\u00f3n de la Orquesta Folkl\u00f3rica de la Provincia.<\/p>\n\n\n\n<p><strong>Propuestas para todas las edades<\/strong><\/p>\n\n\n\n<p>De esta forma, est\u00e1 en marcha el encuentro editorial m\u00e1s importante de la regi\u00f3n, que cuenta con la oferta de m\u00e1s de 50 stands de librer\u00edas y editoriales, y m\u00e1s de 60 presentaciones del libro. Al igual que distintas propuestas para todas las edades, que incluyen conferencias, paneles, espect\u00e1culos musicales, teatro, t\u00edteres, espacios l\u00fadicos y de expresi\u00f3n art\u00edstica para los m\u00e1s chicos.<\/p>\n\n\n\n<p>El horario general de la Feria ser\u00e1 de 14 a 21, mientras que el jueves 10 y viernes 11 abrir\u00e1 tambi\u00e9n por la ma\u00f1ana, de 8 a 13, especialmente para el p\u00fablico estudiantil.<\/p>\n\n\n\n<p>Habr\u00e1 stands gastron\u00f3micos en ambas sedes, participaci\u00f3n de artesanos y espacios del Ministerio de Educaci\u00f3n, la Municipalidad de Corrientes y otras \u00e1reas gubernamentales.<\/p>\n\n\n\n<p><strong>Presencias<\/strong><\/p>\n\n\n\n<p>Estuvieron presentes en el acto inaugural, los ministros, de Turismo, Alejandra Eliciri, de Justicia, Juan Jos\u00e9 L\u00f3pez Desimoni, de Obras P\u00fablicas, Claudio Polich, de Industria, Mariel Gabur, secretarios y subsecretarios del gabinete provincial, el viceintendente, Emilio Lanari, el presidente del Concejo Deliberante, Marcos Amarilla, el rector de la Universidad Nacional del Nordeste, Omar Larroza y decanos, legisladores provinciales y nacionales, funcionarios municipales y p\u00fablico en general.<\/p>\n\n\n\n<p><strong>Programaci\u00f3n D\u00eda 2. Jueves 10 de julio<\/strong><\/p>\n\n\n\n<p>Escenario Pedro Mar\u00edn<\/p>\n\n\n\n<p>\u2022&nbsp;&nbsp;&nbsp;&nbsp; 09:00 hs: Conferencia de Victoria Zorraqu\u00edn<\/p>\n\n\n\n<p>\u2022&nbsp;&nbsp;&nbsp;&nbsp; 14:00 hs: Especial Educaplay: Leyendas correntinas (Subsecretar\u00eda de Contenidos Audiovisuales)<\/p>\n\n\n\n<p>\u2022&nbsp;&nbsp;&nbsp;&nbsp; 15:00 hs: \u201cEnLETRAdos\u201d (Direcci\u00f3n de Pol\u00edtica Socioeducativa y Bibliotecas)<\/p>\n\n\n\n<p>\u2022&nbsp;&nbsp;&nbsp;&nbsp; 16:00 hs: Actuaci\u00f3n Banda \u201cMeloman\u00edas sin cadenas\u201d (Coordinaci\u00f3n de ECE)<\/p>\n\n\n\n<p>\u2022&nbsp;&nbsp;&nbsp;&nbsp; 17:00 hs: T\u00edteres: &#8220;El Barrio de Pedrito&#8221;<\/p>\n\n\n\n<p>\u2022&nbsp;&nbsp;&nbsp;&nbsp; 18:00 hs: Teatro: &#8220;La Casa grande&#8221;<\/p>\n\n\n\n<p>\u2022&nbsp;&nbsp;&nbsp;&nbsp; 20:00 hs: LA ESTACI\u00d3N<\/p>\n\n\n\n<p>&nbsp;Auditorio Ceferino Miranda<\/p>\n\n\n\n<p>\u2022&nbsp;&nbsp;&nbsp;&nbsp; 15:00 hs: Charla: &#8220;Literatura infantil paraguaya en idioma guaran\u00ed&#8221;, a cargo de Feliciano Acosta Fari\u00f1a. Consejo Nacional del Libro y la Lectura (CONALIB). Apoya Consulado del Paraguay en Chaco y Corrientes.<\/p>\n\n\n\n<p>\u2022&nbsp;&nbsp;&nbsp;&nbsp; 16:00 hs: Presentaci\u00f3n de libro: \u201c52 almas, un sue\u00f1o cumplido. Sociedad Cultural Israelita, Scholem Aleijem\u201d por Beatriz Kunin, \u00c1lvaro Monz\u00f3n Wyngaard, Fernando Blugerman, Guillermo Zimerman, Gerardo Fridman.<\/p>\n\n\n\n<p>\u2022&nbsp;&nbsp;&nbsp;&nbsp; 17:00 hs: Escritores de Misiones en la Feria del Libro de Corrientes: \u201cTrilog\u00eda Roja como la tierra Roja\u201d, de Charly Bastarrechea; \u201cEn Sudam\u00e9rica, Alto Paran\u00e1 y Chaco\u201d, de Adamo Lucchesi, por Alcaraz y Cambas; \u201cMisiones y sus Danzas\u201d, de Myriam Sosa; \u201cLa Reducci\u00f3n de Candelaria\u201d, de Cristian Neris y Liliana Rojas. Ediciones Montoya.<\/p>\n\n\n\n<p>\u2022&nbsp;&nbsp;&nbsp;&nbsp; 18:00 hs: Charla: &#8220;De la novela al cine&#8221;, Mart\u00edn Baintrub con Patricio Qui\u00f1onez.<\/p>\n\n\n\n<p>\u2022&nbsp;&nbsp;&nbsp;&nbsp; 19:00 hs: Luis Novaresio: Presentaci\u00f3n de la novela &#8220;Todo por amor, pero no todo&#8221;. Presenta Eduardo &#8220;Pepe&#8221; Ledesma.<\/p>\n\n\n\n<p>Sala 1 V\u00e9spero Trinidad<\/p>\n\n\n\n<p>\u2022&nbsp;&nbsp;&nbsp;&nbsp; 09:00 hs: Publicaciones EIB (Coordinaci\u00f3n de EIB)<\/p>\n\n\n\n<p>\u2022&nbsp;&nbsp;&nbsp;&nbsp; 10:00 hs: &#8220;Cerebros en Juego&#8221; Direcci\u00f3n de Nivel Secundario.<\/p>\n\n\n\n<p>\u2022&nbsp;&nbsp;&nbsp;&nbsp; 14:00 hs &#8211; 16:00 hs: Presentaci\u00f3n Libro: \u201cLa Libertad en las Palabras: La Escritura como Camino hacia la Dignidad y los Valores\u201d (Direcci\u00f3n de EPJA &#8211; Coordinaci\u00f3n de ECE).<\/p>\n\n\n\n<p>\u2022&nbsp;&nbsp;&nbsp;&nbsp; 17:00 hs: Presentaci\u00f3n de libro: &#8220;Mis vuelos&#8221;, de Peggy Llano. Editorial D.<\/p>\n\n\n\n<p>\u2022&nbsp;&nbsp;&nbsp;&nbsp; 18:00 hs: &#8220;La imaginer\u00eda religiosa como elemento identitario de los pueblos correntinos&#8221; Disertante: Prof. H\u00e9ctor Eduardo Gonz\u00e1lez Mart\u00edn. Comisi\u00f3n Arquidiocesana de Cultura. Arzobispado de Corrientes.<\/p>\n\n\n\n<p>\u2022&nbsp;&nbsp;&nbsp;&nbsp; 19:00 hs &#8211; 20:30 hs: La obra de Jorge Luis Borges, Panel de la Cofrad\u00eda Borgiana. Panelistas: Stella Maris Folguer\u00e1, Jos\u00e9 Gabriel Ceballos, Ra\u00fal Ernesto Costarelli, Enrique Lacour, Juanchi Vallejos, Nelson Pessoa y Gustavo S\u00e1nchez Mari\u00f1o.<\/p>\n\n\n\n<p>Sala 2 Benjam\u00edn Balbuena<\/p>\n\n\n\n<p>\u2022&nbsp;&nbsp;&nbsp;&nbsp; 09:00 hs: Taller: &#8220;Caja de herramientas para aulas diversificadas&#8221; Coordinaci\u00f3n de Educaci\u00f3n Especial.<\/p>\n\n\n\n<p>\u2022&nbsp;&nbsp;&nbsp;&nbsp; 10:00 hs: Taller: Con los ojos bien abiertos (DISEPA).<\/p>\n\n\n\n<p>\u2022&nbsp;&nbsp;&nbsp;&nbsp; 11:00 hs: Juegos Culturales Correntinos (ICC).<\/p>\n\n\n\n<p>\u2022&nbsp;&nbsp;&nbsp;&nbsp; 14:00 hs: Taller: \u201cDescubriendo estrategias para la alfabetizaci\u00f3n\u201d (Coordinaci\u00f3n de Educaci\u00f3n Especial).<\/p>\n\n\n\n<p>\u2022&nbsp;&nbsp;&nbsp;&nbsp; 16:00 hs: Creaci\u00f3n de videojuegos con IA (Subsecretar\u00eda de Contenidos Audiovisuales).<\/p>\n\n\n\n<p>\u2022&nbsp;&nbsp;&nbsp;&nbsp; 17:00 hs: Presentaci\u00f3n de libro: &#8220;Entiendo pero no hablo&#8221;, de Carolina Gandulfo. EUDENE.<\/p>\n\n\n\n<p>\u2022&nbsp;&nbsp;&nbsp;&nbsp; 18:00 hs: El Premio UNNE para las Letras. Integrantes: Autoridades de la UNNE, Mar\u00eda Andrea (Maia Eirin), Javier Vargas, Gabriela Bissaro, Evelin Bochle, Mat\u00edas Carmagnola y ganadores del Certamen Premio UNNE para las letras.<\/p>\n\n\n\n<p>Sala 3 Herminio Paredes<\/p>\n\n\n\n<p>\u2022&nbsp;&nbsp;&nbsp;&nbsp; 09:00 hs: Ecotech. &#8220;Espacio Maker&#8221; (Subsecretar\u00eda de Contenidos Audiovisuales).<\/p>\n\n\n\n<p>\u2022&nbsp;&nbsp;&nbsp;&nbsp; 10:30 hs &#8211; 11:30 hs: &#8220;Animaci\u00f3n con IA&#8221; (Subsecretar\u00eda de Contenidos Audiovisuales).<\/p>\n\n\n\n<p>\u2022&nbsp;&nbsp;&nbsp;&nbsp; 14:00 hs &#8211; 17:00 hs: \u201cEl ojo curioso: un viaje de lectura aumentada\u201d (Coordinaci\u00f3n de Ciencia y Tecnolog\u00eda).<\/p>\n\n\n\n<p>\u2022&nbsp;&nbsp;&nbsp;&nbsp; 17:00 hs: Presentaci\u00f3n del libro: &#8220;Confesiones del alma&#8221;, de Cielo Llano. Editorial D.<\/p>\n\n\n\n<p>\u2022&nbsp;&nbsp;&nbsp;&nbsp; 18:00 hs: Presentaci\u00f3n de libro: &#8220;Guardianes&#8221;, de Diego Craig y Alexandra Rey.<\/p>\n\n\n\n<p>\u2022&nbsp;&nbsp;&nbsp;&nbsp; 19:00 hs: Presentaci\u00f3n de libro: &#8220;Primero \u00c1mate&#8221;, de Romina Lorena Montiel. SADE Corrientes.<\/p>\n\n\n\n<p>Sala 4 Padre Basilio<\/p>\n\n\n\n<p>\u2022&nbsp;&nbsp;&nbsp;&nbsp; 09:00 hs: Radio Joven en la Feria del Libro. Ping Pong con los Tomatitos-Susurradores- Novelista desinspirado-Conectados-Diario Musical-Libro de Vivencias (Prensa).<\/p>\n\n\n\n<p>\u2022&nbsp;&nbsp;&nbsp;&nbsp; 17:00 hs: Presentaci\u00f3n de libro: &#8220;En alas de mis sue\u00f1os&#8221;, de Nidia del Carmen G\u00f3mez, Editorial D.<\/p>\n\n\n\n<p>\u2022&nbsp;&nbsp;&nbsp;&nbsp; 18:00 hs: Presentaci\u00f3n de libro: &#8220;Un trago de sol, una copa de luna&#8221; y &#8220;Miop\u00eda de las almas pares&#8221;, de Wilda Alicia Bergna Velasco y Mar\u00eda Soledad Sandoval. Editorial D.<\/p>\n\n\n\n<p>\u2022&nbsp;&nbsp;&nbsp;&nbsp; 19:00 hs: Presentaci\u00f3n de libro: &#8220;Hotel Roma&#8221;, de Marina S\u00e1nchez. Presenta: Mariela Mioni. Colecci\u00f3n Claroscuros Moglia Ediciones<\/p>\n\n\n\n<p>SUM Colegio 1er piso<\/p>\n\n\n\n<p>\u2022&nbsp;&nbsp;&nbsp;&nbsp; 17:00 hs: Taller: &#8220;Mosaiquismo&#8221; de Paloma Szkope.<\/p>\n\n\n\n<p>Cancha al Aire Libre<\/p>\n\n\n\n<p>\u2022&nbsp;&nbsp;&nbsp;&nbsp; 09:00 hs: Ajedrez Educativo. Tenis de Mesa. Circuitos ludomotrices. Juegos de ingenio. Lanzamientos a Blancos fijos y m\u00f3viles. Kerm\u00e9s. RCP. (Direcci\u00f3n de Educaci\u00f3n F\u00edsica).<\/p>\n\n\n\n<p>Galer\u00eda (entrada por 9 de julio)<\/p>\n\n\n\n<p>\u2022&nbsp;&nbsp;&nbsp;&nbsp; 09:00 hs: \u201cAprendemos RCP\u201d CRUZ ROJA (DIGEP).<\/p>\n\n\n\n<p>\u2022&nbsp;&nbsp;&nbsp;&nbsp; 14:00 hs: Presentaci\u00f3n Juego \u201cEn se\u00f1as\u201d (Direcci\u00f3n de EPJA).<\/p>\n","protected":false},"excerpt":{"rendered":"<p>Bajo el lema \u201cLa lectura, refugio de nuestra cultura\u201d, dio inicio este mi\u00e9rcoles la 15\u00b0 edici\u00f3n de la Feria Provincial del Libro, que contar\u00e1 con m\u00e1s de 50 stands de&hellip; <\/p>\n","protected":false},"author":3,"featured_media":216609,"comment_status":"closed","ping_status":"open","sticky":false,"template":"","format":"standard","meta":{"footnotes":""},"categories":[26],"tags":[],"class_list":["post-216600","post","type-post","status-publish","format-standard","has-post-thumbnail","hentry","category-destacados"],"_links":{"self":[{"href":"https:\/\/corrientesdetarde.com\/index.php\/wp-json\/wp\/v2\/posts\/216600","targetHints":{"allow":["GET"]}}],"collection":[{"href":"https:\/\/corrientesdetarde.com\/index.php\/wp-json\/wp\/v2\/posts"}],"about":[{"href":"https:\/\/corrientesdetarde.com\/index.php\/wp-json\/wp\/v2\/types\/post"}],"author":[{"embeddable":true,"href":"https:\/\/corrientesdetarde.com\/index.php\/wp-json\/wp\/v2\/users\/3"}],"replies":[{"embeddable":true,"href":"https:\/\/corrientesdetarde.com\/index.php\/wp-json\/wp\/v2\/comments?post=216600"}],"version-history":[{"count":1,"href":"https:\/\/corrientesdetarde.com\/index.php\/wp-json\/wp\/v2\/posts\/216600\/revisions"}],"predecessor-version":[{"id":216630,"href":"https:\/\/corrientesdetarde.com\/index.php\/wp-json\/wp\/v2\/posts\/216600\/revisions\/216630"}],"wp:featuredmedia":[{"embeddable":true,"href":"https:\/\/corrientesdetarde.com\/index.php\/wp-json\/wp\/v2\/media\/216609"}],"wp:attachment":[{"href":"https:\/\/corrientesdetarde.com\/index.php\/wp-json\/wp\/v2\/media?parent=216600"}],"wp:term":[{"taxonomy":"category","embeddable":true,"href":"https:\/\/corrientesdetarde.com\/index.php\/wp-json\/wp\/v2\/categories?post=216600"},{"taxonomy":"post_tag","embeddable":true,"href":"https:\/\/corrientesdetarde.com\/index.php\/wp-json\/wp\/v2\/tags?post=216600"}],"curies":[{"name":"wp","href":"https:\/\/api.w.org\/{rel}","templated":true}]}}