{"id":216604,"date":"2025-07-10T09:00:09","date_gmt":"2025-07-10T12:00:09","guid":{"rendered":"https:\/\/corrientesdetarde.com\/?p=216604"},"modified":"2025-07-10T09:00:10","modified_gmt":"2025-07-10T12:00:10","slug":"cambio-de-opinion-vamos-corrientes-anunciara-su-lista-a-horas-del-cierre","status":"publish","type":"post","link":"https:\/\/corrientesdetarde.com\/index.php\/politica\/cambio-de-opinion-vamos-corrientes-anunciara-su-lista-a-horas-del-cierre\/","title":{"rendered":"Cambio de opini\u00f3n: Vamos Corrientes anunciar\u00e1 su lista a horas del cierre"},"content":{"rendered":"\n<p>Hasta ahora estaba previsto dar a conocer p\u00fablicamente sus candidatos el viernes 11, tal como lo hab\u00eda anunciado la semana pasada el propio Vald\u00e9s. Finalmente, \u00e9l mismo confirm\u00f3 que ser\u00e1 el s\u00e1bado, &#8220;a las 19 o 20&#8221;, indic\u00f3. A la medianoche vence el plazo de presentaci\u00f3n.<\/p>\n\n\n\n<p>Si en pol\u00edtica en una hora pueden pasar miles de cosas, ni hablar de lo que puede suceder en un margen de 24 horas. Tal vez guiados por eso, la alianza oficialista Vamos Corrientes cambi\u00f3 de estrategia y posterg\u00f3 un d\u00eda m\u00e1s el anuncio de todos sus candidatos para estas elecciones provinciales del 31 de agosto. No solo como un efecto interno sino tambi\u00e9n externo.<\/p>\n\n\n\n<p>Por eso, este s\u00e1bado, a las 19 o 20, el frente gobernante liderado por Gustavo Vald\u00e9s realizar\u00e1 en el club San Mart\u00edn su acto de presentaci\u00f3n de candidaturas y se develar\u00e1 la principal inc\u00f3gnita: el nombre del candidato a sucederlo y su compa\u00f1ero\/a de f\u00f3rmula.<\/p>\n\n\n\n<p>De esta manera, se mantendr\u00e1 el hermetismo oficial hasta \u00faltimo momento, ya que en la medianoche de este s\u00e1bado vencer\u00e1 el plazo para anotar candidatos para los comicios provinciales.<\/p>\n\n\n\n<p>Hasta principios de semana estaba fija la presentaci\u00f3n para el viernes 11, dicho por el propio Vald\u00e9s. Sin embargo, el mismo mi\u00e9rcoles comenz\u00f3 a circular una versi\u00f3n de que se postergar\u00eda para el s\u00e1bado y solamente restar\u00eda definir si por la ma\u00f1ana o la tarde. Finalmente, este mi\u00e9rcoles, en medio de los actos protocolares por el 9 de Julio, Vald\u00e9s anunci\u00f3 a la prensa que Vamos Corrientes har\u00e1 el anuncio el s\u00e1bado, &#8220;a las 19 o 20&#8221;, estim\u00f3.<\/p>\n\n\n\n<p>&#8220;Est\u00e1n invitados todos los que puedan venir&#8221;, dijo y adelant\u00f3 que &#8220;estaremos mostrando toda la potencialidad de Vamos Corrientes, pero esta vez con nombres y apellidos&#8221;.<\/p>\n\n\n\n<p>Cuando se le consult\u00f3 si ya estaban definidos los nombres, Vald\u00e9s aclar\u00f3 r\u00e1pidamente: &#8220;No. Estamos trabajando en eso y seguimos haci\u00e9ndolo, por eso vamos a tomarnos un tiempo m\u00e1s, pero vamos a estar presentando un d\u00eda despu\u00e9s de lo que dijimos. Son solo 24 horas&#8221;.<\/p>\n\n\n\n<p>Al respecto, expres\u00f3 que estaban invitando a intendentes del interior a estar presentes. &#8220;Sabemos que es d\u00eda de cierre, aquellos que puedan estar, estar\u00e1n&#8221;. Tambi\u00e9n sostuvo: &#8220;Esperemos que la gente nos siga eligiendo para seguir transformando la provincia y la ciudad de nuestra querida Corrientes&#8221;.<\/p>\n\n\n\n<figure class=\"wp-block-image\"><img decoding=\"async\" src=\"https:\/\/www.diarioepoca.com\/content\/bucket\/4\/1438274w380h107c.jpg.webp\" alt=\"\"\/><\/figure>\n\n\n\n<h2 class=\"wp-block-heading\">Visita de Picheto<\/h2>\n\n\n\n<p>En su agenda pol\u00edtica electoral, hoy, a la tarde, recibir\u00e1 al diputado nacional Miguel Angel Pichetto, que estar\u00e1 en la ciudad de Corrientes para la inauguraci\u00f3n de un local partidario de Encuentro Republicano Federal, su espacio pol\u00edtico. Picheto estar\u00e1 acompa\u00f1ado por el exembajador en Espa\u00f1a y exgobernador misionero, Ram\u00f3n Puerta &#8220;Es una ocasi\u00f3n oportuna para estar presentes y respaldar la gesti\u00f3n de este importante gobernador que tiene la provincia de Corrientes&#8221;, expres\u00f3 el legislador.<\/p>\n\n\n\n<h2 class=\"wp-block-heading\">Relaci\u00f3n con Naci\u00f3n<\/h2>\n\n\n\n<p>En el di\u00e1logo de Vald\u00e9s con la prensa local, tras los actos por el D\u00eda de la Independencia, se le pregunt\u00f3 respecto de temas nacionales, especialmente sobre dos proyectos que espera tratar hoy el Senado y que cuenta con el acompa\u00f1amiento de los gobernadores. Se enmarcan en cuestiones fiscales que pueden ser trascendentales para las cuentas provinciales, actualmente en pleno cimbronazos por medidas adoptadas por el Gobierno de Javier Milei.<\/p>\n\n\n\n<p>&#8220;Vamos a estar acompa\u00f1ando (esos proyectos en el Senado). Sabemos que es importante para las provincias tener los recursos necesarios y fundamentales que nos sacan&#8221;, indic\u00f3.<\/p>\n\n\n\n<h2 class=\"wp-block-heading\">El candidato de la alianza y una inc\u00f3gnita que se mantendr\u00e1 hasta el \u00faltimo momento<\/h2>\n\n\n\n<figure class=\"wp-block-image\"><img decoding=\"async\" src=\"https:\/\/www.diarioepoca.com\/content\/bucket\/5\/1438275w380h229c.jpg.webp\" alt=\"\"\/><\/figure>\n\n\n\n<p>En la recta final camino a la definici\u00f3n del candidato a gobernador por la alianza oficialista Vamos Corrientes, los principales candidateables siguen con atenci\u00f3n la definici\u00f3n del caso y que ser\u00e1 anunciado por el actual gobernador Gustavo Vald\u00e9s, presidente de la UCR y l\u00edder de dicha coalici\u00f3n.<\/p>\n\n\n\n<p>As\u00ed, aparecen los intendentes de Capital y de Ituzaing\u00f3, Eduardo Tassano y Juan Pablo Vald\u00e9s, respectivamente, como tambi\u00e9n est\u00e1 anotado el senador nacional y presidente de la bancada radical de la C\u00e1mara alta, Eduardo &#8220;Peteco&#8221; Vischi, tambi\u00e9n exintendente libre\u00f1o.<\/p>\n\n\n\n<p>Para algunos el nombre ya est\u00e1 definido, incluso ya se habr\u00eda hablado con los candidateables para mantener la unidad y el consenso.<\/p>\n","protected":false},"excerpt":{"rendered":"<p>Hasta ahora estaba previsto dar a conocer p\u00fablicamente sus candidatos el viernes 11, tal como lo hab\u00eda anunciado la semana pasada el propio Vald\u00e9s. Finalmente, \u00e9l mismo confirm\u00f3 que ser\u00e1&hellip; <\/p>\n","protected":false},"author":3,"featured_media":216611,"comment_status":"closed","ping_status":"open","sticky":false,"template":"","format":"standard","meta":{"footnotes":""},"categories":[3],"tags":[],"class_list":["post-216604","post","type-post","status-publish","format-standard","has-post-thumbnail","hentry","category-politica"],"_links":{"self":[{"href":"https:\/\/corrientesdetarde.com\/index.php\/wp-json\/wp\/v2\/posts\/216604","targetHints":{"allow":["GET"]}}],"collection":[{"href":"https:\/\/corrientesdetarde.com\/index.php\/wp-json\/wp\/v2\/posts"}],"about":[{"href":"https:\/\/corrientesdetarde.com\/index.php\/wp-json\/wp\/v2\/types\/post"}],"author":[{"embeddable":true,"href":"https:\/\/corrientesdetarde.com\/index.php\/wp-json\/wp\/v2\/users\/3"}],"replies":[{"embeddable":true,"href":"https:\/\/corrientesdetarde.com\/index.php\/wp-json\/wp\/v2\/comments?post=216604"}],"version-history":[{"count":1,"href":"https:\/\/corrientesdetarde.com\/index.php\/wp-json\/wp\/v2\/posts\/216604\/revisions"}],"predecessor-version":[{"id":216632,"href":"https:\/\/corrientesdetarde.com\/index.php\/wp-json\/wp\/v2\/posts\/216604\/revisions\/216632"}],"wp:featuredmedia":[{"embeddable":true,"href":"https:\/\/corrientesdetarde.com\/index.php\/wp-json\/wp\/v2\/media\/216611"}],"wp:attachment":[{"href":"https:\/\/corrientesdetarde.com\/index.php\/wp-json\/wp\/v2\/media?parent=216604"}],"wp:term":[{"taxonomy":"category","embeddable":true,"href":"https:\/\/corrientesdetarde.com\/index.php\/wp-json\/wp\/v2\/categories?post=216604"},{"taxonomy":"post_tag","embeddable":true,"href":"https:\/\/corrientesdetarde.com\/index.php\/wp-json\/wp\/v2\/tags?post=216604"}],"curies":[{"name":"wp","href":"https:\/\/api.w.org\/{rel}","templated":true}]}}