{"id":216700,"date":"2025-07-10T18:14:00","date_gmt":"2025-07-10T21:14:00","guid":{"rendered":"https:\/\/corrientesdetarde.com\/?p=216700"},"modified":"2025-07-10T18:38:20","modified_gmt":"2025-07-10T21:38:20","slug":"leandro-paredes-vuelve-a-boca-y-los-hinchas-copan-la-bombonera","status":"publish","type":"post","link":"https:\/\/corrientesdetarde.com\/index.php\/deportes\/leandro-paredes-vuelve-a-boca-y-los-hinchas-copan-la-bombonera\/","title":{"rendered":"Leandro Paredes vuelve a Boca y los hinchas copan la Bombonera."},"content":{"rendered":"\n<h2 class=\"wp-block-heading\">El campe\u00f3n del mundo ser\u00e1 recibido oficialmente despu\u00e9s de su primer entrenamiento con el plantel que dirige Miguel \u00c1ngel Russo.<\/h2>\n\n\n\n<p>El d\u00eda m\u00e1s esperado por el Mundo Boca finalmente lleg\u00f3: este jueves, desde las 18:00,\u00a0<strong>Leandro Paredes\u00a0ser\u00e1 presentado como nuevo refuezo xeneize<\/strong>\u00a0en una Bombonera abierta para socios e hinchas, que podr\u00e1n acceder al estadio de forma libre y gratuita.<\/p>\n\n\n\n<p>Sobre las 17, los miles de hinchas que se hab\u00edan reunido en los alrededores del estadio forzaron la apertura de las puertas.\u00a0<strong>Hubo corridas, empujones y se vivieron algunos momentos de tensi\u00f3n.<\/strong><\/p>\n\n\n\n<p>El mediocampista de la Selecci\u00f3n argentina&nbsp;<strong>recibir\u00e1 la bienvenida despu\u00e9s de su primer entrenamiento<\/strong>&nbsp;que se llev\u00f3 a cabo previamente en el estadio, por lo que todo el plantel participar\u00e1 del agasajo.<\/p>\n\n\n\n<figure class=\"wp-block-image\"><img decoding=\"async\" src=\"https:\/\/tn.com.ar\/resizer\/v2\/paredes-firmara-por-tres-anos-y-medio-en-boca-foto-afp-6MBSXHXE25HU7PIN3E24SO3IBA.jfif?auth=6ec5a892acbca5aee8178fe70cd1c794a3b7b65a47135e1341c6e566f2c595f6&amp;width=767\" alt=\"Paredes firmar\u00e1 por tres a\u00f1os y medio en Boca (Foto: AFP).\"\/><figcaption class=\"wp-element-caption\">Paredes firmar\u00e1 por tres a\u00f1os y medio en Boca (Foto: AFP).<\/figcaption><\/figure>\n\n\n\n<p>Paredes regresa al club despu\u00e9s de once temporadas y media en Europa y tras liberar su contrato con la Roma de Italia para cumplir el sue\u00f1o de volver a su casa en plenitud.<\/p>\n\n\n\n<p>Con 31 a\u00f1os,&nbsp;<strong>firmar\u00e1 un contrato hasta diciembre de 2028 y ser\u00e1 el sexto campe\u00f3n del mundo en la Liga Profesional de Argentina<\/strong>, despu\u00e9s de Franco Armani, Gonzalo Montiel, Marcos Acu\u00f1a, Germ\u00e1n Pezzellla (River) y \u00c1ngel Di Mar\u00eda (Rosario Central).<\/p>\n\n\n\n<h2 class=\"wp-block-heading\"><strong>Las primeras horas de Leandro Paredes en Boca<\/strong><\/h2>\n\n\n\n<figure class=\"wp-block-image\"><img decoding=\"async\" src=\"https:\/\/tn.com.ar\/resizer\/v2\/el-futbolista-de-la-seleccion-argentina-ya-se-hizo-la-revision-medica-foto-xtycsports-SM7FN7623NEMZGOQH4SRF4LGLQ.jfif?auth=0f85f9540545564db7c8a64422b20f99b28fc752582a8d9dc9604b3f7e5360b1&amp;width=767\" alt=\"El futbolista de la Selecci\u00f3n argentina ya se hizo la revisi\u00f3n m\u00e9dica (Foto: X@TyCSports).\"\/><figcaption class=\"wp-element-caption\">El futbolista de la Selecci\u00f3n argentina ya se hizo la revisi\u00f3n m\u00e9dica (Foto: X@TyCSports).<\/figcaption><\/figure>\n\n\n\n<p>El futbolista arrib\u00f3 el mi\u00e9rcoles a primera hora al pa\u00eds y, luego de una breve escala en el complejo de AFA, se someti\u00f3 a la revisi\u00f3n m\u00e9dica en una cl\u00ednica de Parque Lezama, cerca del estadio de Boca.<\/p>\n\n\n\n<p>Ante la nutrida guardia period\u00edstica y la presencia de fan\u00e1ticos, que esperaban para saludarlo, sali\u00f3 por una puerta lateral y se dirigi\u00f3 a Boca Predio, en Ezeiza, donde tuvo su primer contacto con el presidente,&nbsp;<strong>Juan Rom\u00e1n Riquelme<\/strong>, y el director t\u00e9cnico,&nbsp;<strong>Miguel \u00c1ngel Russo<\/strong>.<\/p>\n\n\n\n<h2 class=\"wp-block-heading\"><strong>Una presentaci\u00f3n al nivel de las grandes figuras<\/strong><\/h2>\n\n\n\n<p>La bienvenida a Paredes tiene dos antecedentes similares en la \u00faltima d\u00e9cada. El m\u00e1s recordado, a mediados de 2015, fue el regreso de&nbsp;<strong>Carlos Tevez<\/strong>, ante casi 60.000 personas en el estadio de Boca. El Apache tambi\u00e9n llegaba en plenitud, luego de alcanzar la final de la Champions League con la Juventus de Italia.<\/p>\n\n\n\n<p>Ocho a\u00f1os despu\u00e9s, ya con Riquelme como dirigente del club, el uruguayo&nbsp;<strong>Edinson Cavani<\/strong>&nbsp;recibi\u00f3 los mismos honores, aunque con menor cantidad de p\u00fablico en las tribunas de la Bombonera.<\/p>\n","protected":false},"excerpt":{"rendered":"<p>El campe\u00f3n del mundo ser\u00e1 recibido oficialmente despu\u00e9s de su primer entrenamiento con el plantel que dirige Miguel \u00c1ngel Russo. El d\u00eda m\u00e1s esperado por el Mundo Boca finalmente lleg\u00f3:&hellip; <\/p>\n","protected":false},"author":6,"featured_media":216705,"comment_status":"closed","ping_status":"open","sticky":false,"template":"","format":"standard","meta":{"footnotes":""},"categories":[4],"tags":[],"class_list":["post-216700","post","type-post","status-publish","format-standard","has-post-thumbnail","hentry","category-deportes"],"_links":{"self":[{"href":"https:\/\/corrientesdetarde.com\/index.php\/wp-json\/wp\/v2\/posts\/216700","targetHints":{"allow":["GET"]}}],"collection":[{"href":"https:\/\/corrientesdetarde.com\/index.php\/wp-json\/wp\/v2\/posts"}],"about":[{"href":"https:\/\/corrientesdetarde.com\/index.php\/wp-json\/wp\/v2\/types\/post"}],"author":[{"embeddable":true,"href":"https:\/\/corrientesdetarde.com\/index.php\/wp-json\/wp\/v2\/users\/6"}],"replies":[{"embeddable":true,"href":"https:\/\/corrientesdetarde.com\/index.php\/wp-json\/wp\/v2\/comments?post=216700"}],"version-history":[{"count":1,"href":"https:\/\/corrientesdetarde.com\/index.php\/wp-json\/wp\/v2\/posts\/216700\/revisions"}],"predecessor-version":[{"id":216708,"href":"https:\/\/corrientesdetarde.com\/index.php\/wp-json\/wp\/v2\/posts\/216700\/revisions\/216708"}],"wp:featuredmedia":[{"embeddable":true,"href":"https:\/\/corrientesdetarde.com\/index.php\/wp-json\/wp\/v2\/media\/216705"}],"wp:attachment":[{"href":"https:\/\/corrientesdetarde.com\/index.php\/wp-json\/wp\/v2\/media?parent=216700"}],"wp:term":[{"taxonomy":"category","embeddable":true,"href":"https:\/\/corrientesdetarde.com\/index.php\/wp-json\/wp\/v2\/categories?post=216700"},{"taxonomy":"post_tag","embeddable":true,"href":"https:\/\/corrientesdetarde.com\/index.php\/wp-json\/wp\/v2\/tags?post=216700"}],"curies":[{"name":"wp","href":"https:\/\/api.w.org\/{rel}","templated":true}]}}