{"id":216706,"date":"2025-07-10T18:29:00","date_gmt":"2025-07-10T21:29:00","guid":{"rendered":"https:\/\/corrientesdetarde.com\/?p=216706"},"modified":"2025-07-10T18:41:39","modified_gmt":"2025-07-10T21:41:39","slug":"durante-la-feria-de-invierno-ioscor-atendera-solo-por-la-manana","status":"publish","type":"post","link":"https:\/\/corrientesdetarde.com\/index.php\/informacion-general\/durante-la-feria-de-invierno-ioscor-atendera-solo-por-la-manana\/","title":{"rendered":"Durante la feria de invierno IOSCor atender\u00e1 s\u00f3lo por la ma\u00f1ana."},"content":{"rendered":"\n<h2 class=\"wp-block-heading\">Del 14 al 25 de julio, la obra social provincial ajustar\u00e1 su horario de atenci\u00f3n en todas sus sedes.<\/h2>\n\n\n\n<p>El Instituto de Obra Social de la Provincia de Corrientes (IOSCor) inform\u00f3 que, con motivo de la feria de invierno, modificar\u00e1 su horario de atenci\u00f3n al p\u00fablico entre el 14 y el 25 de julio. Durante ese per\u00edodo, la atenci\u00f3n ser\u00e1 \u00fanicamente en turno ma\u00f1ana, de 7:15 a 12:45.<\/p>\n\n\n\n<p>La medida regir\u00e1 tanto para la sede central, ubicada en Dr. Ram\u00f3n Carrillo 444, como para las distintas delegaciones del interior provincial. Desde la instituci\u00f3n recomiendan a los afiliados organizar sus tr\u00e1mites con anticipaci\u00f3n.<\/p>\n","protected":false},"excerpt":{"rendered":"<p>Del 14 al 25 de julio, la obra social provincial ajustar\u00e1 su horario de atenci\u00f3n en todas sus sedes. El Instituto de Obra Social de la Provincia de Corrientes (IOSCor)&hellip; <\/p>\n","protected":false},"author":6,"featured_media":216711,"comment_status":"closed","ping_status":"open","sticky":false,"template":"","format":"standard","meta":{"footnotes":""},"categories":[1],"tags":[],"class_list":["post-216706","post","type-post","status-publish","format-standard","has-post-thumbnail","hentry","category-informacion-general"],"_links":{"self":[{"href":"https:\/\/corrientesdetarde.com\/index.php\/wp-json\/wp\/v2\/posts\/216706","targetHints":{"allow":["GET"]}}],"collection":[{"href":"https:\/\/corrientesdetarde.com\/index.php\/wp-json\/wp\/v2\/posts"}],"about":[{"href":"https:\/\/corrientesdetarde.com\/index.php\/wp-json\/wp\/v2\/types\/post"}],"author":[{"embeddable":true,"href":"https:\/\/corrientesdetarde.com\/index.php\/wp-json\/wp\/v2\/users\/6"}],"replies":[{"embeddable":true,"href":"https:\/\/corrientesdetarde.com\/index.php\/wp-json\/wp\/v2\/comments?post=216706"}],"version-history":[{"count":1,"href":"https:\/\/corrientesdetarde.com\/index.php\/wp-json\/wp\/v2\/posts\/216706\/revisions"}],"predecessor-version":[{"id":216712,"href":"https:\/\/corrientesdetarde.com\/index.php\/wp-json\/wp\/v2\/posts\/216706\/revisions\/216712"}],"wp:featuredmedia":[{"embeddable":true,"href":"https:\/\/corrientesdetarde.com\/index.php\/wp-json\/wp\/v2\/media\/216711"}],"wp:attachment":[{"href":"https:\/\/corrientesdetarde.com\/index.php\/wp-json\/wp\/v2\/media?parent=216706"}],"wp:term":[{"taxonomy":"category","embeddable":true,"href":"https:\/\/corrientesdetarde.com\/index.php\/wp-json\/wp\/v2\/categories?post=216706"},{"taxonomy":"post_tag","embeddable":true,"href":"https:\/\/corrientesdetarde.com\/index.php\/wp-json\/wp\/v2\/tags?post=216706"}],"curies":[{"name":"wp","href":"https:\/\/api.w.org\/{rel}","templated":true}]}}