{"id":216707,"date":"2025-07-10T18:21:00","date_gmt":"2025-07-10T21:21:00","guid":{"rendered":"https:\/\/corrientesdetarde.com\/?p=216707"},"modified":"2025-07-10T18:41:44","modified_gmt":"2025-07-10T21:41:44","slug":"intensa-busqueda-a-un-nino-de-14-anos","status":"publish","type":"post","link":"https:\/\/corrientesdetarde.com\/index.php\/policiales\/intensa-busqueda-a-un-nino-de-14-anos\/","title":{"rendered":"Intensa b\u00fasqueda a un ni\u00f1o de 14 a\u00f1os."},"content":{"rendered":"\n<h2 class=\"wp-block-heading\">Fue visto por \u00faltima vez con una campera roja, pantal\u00f3n negro y zapatillas blancas. La Polic\u00eda pide colaboraci\u00f3n para encontrarlo.<\/h2>\n\n\n\n<p>La Polic\u00eda de Corrientes solicita la colaboraci\u00f3n de la comunidad para dar con el paradero de Juan Nicol\u00e1s V\u00e1zquez, un menor de 14 a\u00f1os que est\u00e1 desaparecido desde el martes 8 de julio. La denuncia fue realizada por una persona de apellido Vargas, y la causa ya est\u00e1 en manos de la Fiscal\u00eda de Investigaci\u00f3n en turno.<\/p>\n\n\n\n<p>El adolescente mide aproximadamente 1,50 metros, es de contextura delgada, tiene tez morena, cabello negro corto y ondulado, y ojos marrones. Al momento de su desaparici\u00f3n vest\u00eda una campera roja, pantal\u00f3n negro y zapatillas blancas.<\/p>\n\n\n\n<p>Desde la Comisar\u00eda Primera de la Mujer y el Menor informaron que contin\u00faan con las tareas de b\u00fasqueda y solicitaron a quienes puedan aportar informaci\u00f3n concreta, que se comuniquen al (379) 4432913, al 911 (Capital) o al 101 (interior provincial).<\/p>\n\n\n\n<figure class=\"wp-block-image size-large\"><img loading=\"lazy\" decoding=\"async\" width=\"724\" height=\"1024\" src=\"https:\/\/corrientesdetarde.com\/wp-content\/uploads\/2025\/07\/image-287-724x1024.png\" alt=\"\" class=\"wp-image-216710\" srcset=\"https:\/\/corrientesdetarde.com\/wp-content\/uploads\/2025\/07\/image-287-724x1024.png 724w, https:\/\/corrientesdetarde.com\/wp-content\/uploads\/2025\/07\/image-287-212x300.png 212w, https:\/\/corrientesdetarde.com\/wp-content\/uploads\/2025\/07\/image-287-768x1086.png 768w, https:\/\/corrientesdetarde.com\/wp-content\/uploads\/2025\/07\/image-287.png 850w\" sizes=\"auto, (max-width: 724px) 100vw, 724px\" \/><\/figure>\n","protected":false},"excerpt":{"rendered":"<p>Fue visto por \u00faltima vez con una campera roja, pantal\u00f3n negro y zapatillas blancas. La Polic\u00eda pide colaboraci\u00f3n para encontrarlo. La Polic\u00eda de Corrientes solicita la colaboraci\u00f3n de la comunidad&hellip; <\/p>\n","protected":false},"author":6,"featured_media":216709,"comment_status":"closed","ping_status":"open","sticky":false,"template":"","format":"standard","meta":{"footnotes":""},"categories":[33],"tags":[],"class_list":["post-216707","post","type-post","status-publish","format-standard","has-post-thumbnail","hentry","category-policiales"],"_links":{"self":[{"href":"https:\/\/corrientesdetarde.com\/index.php\/wp-json\/wp\/v2\/posts\/216707","targetHints":{"allow":["GET"]}}],"collection":[{"href":"https:\/\/corrientesdetarde.com\/index.php\/wp-json\/wp\/v2\/posts"}],"about":[{"href":"https:\/\/corrientesdetarde.com\/index.php\/wp-json\/wp\/v2\/types\/post"}],"author":[{"embeddable":true,"href":"https:\/\/corrientesdetarde.com\/index.php\/wp-json\/wp\/v2\/users\/6"}],"replies":[{"embeddable":true,"href":"https:\/\/corrientesdetarde.com\/index.php\/wp-json\/wp\/v2\/comments?post=216707"}],"version-history":[{"count":1,"href":"https:\/\/corrientesdetarde.com\/index.php\/wp-json\/wp\/v2\/posts\/216707\/revisions"}],"predecessor-version":[{"id":216713,"href":"https:\/\/corrientesdetarde.com\/index.php\/wp-json\/wp\/v2\/posts\/216707\/revisions\/216713"}],"wp:featuredmedia":[{"embeddable":true,"href":"https:\/\/corrientesdetarde.com\/index.php\/wp-json\/wp\/v2\/media\/216709"}],"wp:attachment":[{"href":"https:\/\/corrientesdetarde.com\/index.php\/wp-json\/wp\/v2\/media?parent=216707"}],"wp:term":[{"taxonomy":"category","embeddable":true,"href":"https:\/\/corrientesdetarde.com\/index.php\/wp-json\/wp\/v2\/categories?post=216707"},{"taxonomy":"post_tag","embeddable":true,"href":"https:\/\/corrientesdetarde.com\/index.php\/wp-json\/wp\/v2\/tags?post=216707"}],"curies":[{"name":"wp","href":"https:\/\/api.w.org\/{rel}","templated":true}]}}