{"id":216715,"date":"2025-07-10T18:49:00","date_gmt":"2025-07-10T21:49:00","guid":{"rendered":"https:\/\/corrientesdetarde.com\/?p=216715"},"modified":"2025-07-10T18:50:16","modified_gmt":"2025-07-10T21:50:16","slug":"dura-respuesta-de-villarruel-a-bullrich","status":"publish","type":"post","link":"https:\/\/corrientesdetarde.com\/index.php\/politica\/dura-respuesta-de-villarruel-a-bullrich\/","title":{"rendered":"Dura respuesta de Villarruel a Bullrich."},"content":{"rendered":"\n<h2 class=\"wp-block-heading\">La vicepresidenta le respondi\u00f3 a la ministra de Seguridad, que la hab\u00eda acusado de ser \u201cc\u00f3mplice\u201d de la sesi\u00f3n en el Senado donde se tratan proyectos que incomodan al Gobierno.<\/h2>\n\n\n\n<p><strong>Victoria Vilarruel<\/strong>\u00a0le respondi\u00f3 a\u00a0<strong>Patricia Bullrich<\/strong> tras las cr\u00edticas de la ministra de Seguridad por presidir la sesi\u00f3n de este mi\u00e9rcoles en el\u00a0<strong>Senado.<\/strong>\u00a0\u201cTodos los argentinos saben de qu\u00e9 lado estoy\u201d, dijo la vicepresidenta en un posteo en\u00a0<em>X<\/em>. Y sum\u00f3: \u201cLa democracia fue denigrada cuando personas que integraron\u00a0<em><strong>orgas<\/strong><\/em><strong>\u00a0terroristas,<\/strong>\u00a0<strong>como en su caso<\/strong>, manejaron durante d\u00e9cadas el destino del pa\u00eds\u201d.<\/p>\n\n\n\n<p>Antes de que se votara el paquete de leyes previsionales, la funcionaria de Javier Milei le hab\u00eda pedido a Villarruel que\u00a0<strong>\u201cno sea c\u00f3mplice del kirchnerismo destructor\u201d<\/strong>.<\/p>\n\n\n\n<p>Sin embargo, la presidenta de la C\u00e1mara Alta no se qued\u00f3 en silencio. \u201c<strong>Combat\u00ed siempre (al kirchnerismo), mientras usted pululaba de partido en partido<\/strong>. La sesi\u00f3n ordinaria del d\u00eda de hoy fue estipulada en fecha y hora en la sesi\u00f3n preparatoria anual\u201d, escribi\u00f3 Villarruel.<\/p>\n\n\n\n<p>Asimismo, explic\u00f3 que, como vicepresidente, cumple un rol institucional que implica que est\u00e9 a cargo de las sesiones en el Senado,<strong>&nbsp;\u201cle guste o no\u201d a Bullrich.<\/strong><\/p>\n\n\n\n<p>Tambi\u00e9n remarc\u00f3 la distancia que mantiene con la Casa Rosada, desde pr\u00e1cticamente la asunci\u00f3n de Milei. \u201cMe votaron para defender la institucionalidad y hacerla respetar, no para levantarme cuando las papas queman,&nbsp;<strong>o cuando el Ejecutivo recuerda que soy vicepresidente<\/strong>\u201d, dijo.<\/p>\n\n\n\n<h2 class=\"wp-block-heading\">Villarruel se defendi\u00f3 ante las cr\u00edticas por presidir la sesi\u00f3n en el Senado<\/h2>\n\n\n\n<p>\u201cEl Senado como cuerpo&nbsp;<strong>es soberano conforme la Constituci\u00f3n Nacional&nbsp;<\/strong>y el&nbsp;<strong>sistema republicano<\/strong>&nbsp;de Gobierno\u201d, indic\u00f3 Villarruel, en una segunda publicaci\u00f3n de X.<\/p>\n\n\n\n<p>En ese contexto, aclar\u00f3:&nbsp;<strong>\u201cEl ejercicio de mi funci\u00f3n no implica la convalidaci\u00f3n de ning\u00fan acto,<\/strong>&nbsp;ya que son los senadores, en representaci\u00f3n de los intereses de sus provincias, los que toman sus propias decisiones,<strong>&nbsp;son ellos quienes convalidan, aprueban o rechazan (proyectos)\u201d.<\/strong><\/p>\n\n\n\n<p>Adem\u00e1s, para cerrar, la vicepresidenta arremeti\u00f3 nuevamente contra Bullrich: \u201cEl Senado es la casa de las provincias,&nbsp;<strong>as\u00ed que antes de hacerse la picante repase la Constituci\u00f3n Nacional\u201d.<\/strong><\/p>\n","protected":false},"excerpt":{"rendered":"<p>La vicepresidenta le respondi\u00f3 a la ministra de Seguridad, que la hab\u00eda acusado de ser \u201cc\u00f3mplice\u201d de la sesi\u00f3n en el Senado donde se tratan proyectos que incomodan al Gobierno.&hellip; <\/p>\n","protected":false},"author":6,"featured_media":216722,"comment_status":"closed","ping_status":"open","sticky":false,"template":"","format":"standard","meta":{"footnotes":""},"categories":[3],"tags":[],"class_list":["post-216715","post","type-post","status-publish","format-standard","has-post-thumbnail","hentry","category-politica"],"_links":{"self":[{"href":"https:\/\/corrientesdetarde.com\/index.php\/wp-json\/wp\/v2\/posts\/216715","targetHints":{"allow":["GET"]}}],"collection":[{"href":"https:\/\/corrientesdetarde.com\/index.php\/wp-json\/wp\/v2\/posts"}],"about":[{"href":"https:\/\/corrientesdetarde.com\/index.php\/wp-json\/wp\/v2\/types\/post"}],"author":[{"embeddable":true,"href":"https:\/\/corrientesdetarde.com\/index.php\/wp-json\/wp\/v2\/users\/6"}],"replies":[{"embeddable":true,"href":"https:\/\/corrientesdetarde.com\/index.php\/wp-json\/wp\/v2\/comments?post=216715"}],"version-history":[{"count":1,"href":"https:\/\/corrientesdetarde.com\/index.php\/wp-json\/wp\/v2\/posts\/216715\/revisions"}],"predecessor-version":[{"id":216723,"href":"https:\/\/corrientesdetarde.com\/index.php\/wp-json\/wp\/v2\/posts\/216715\/revisions\/216723"}],"wp:featuredmedia":[{"embeddable":true,"href":"https:\/\/corrientesdetarde.com\/index.php\/wp-json\/wp\/v2\/media\/216722"}],"wp:attachment":[{"href":"https:\/\/corrientesdetarde.com\/index.php\/wp-json\/wp\/v2\/media?parent=216715"}],"wp:term":[{"taxonomy":"category","embeddable":true,"href":"https:\/\/corrientesdetarde.com\/index.php\/wp-json\/wp\/v2\/categories?post=216715"},{"taxonomy":"post_tag","embeddable":true,"href":"https:\/\/corrientesdetarde.com\/index.php\/wp-json\/wp\/v2\/tags?post=216715"}],"curies":[{"name":"wp","href":"https:\/\/api.w.org\/{rel}","templated":true}]}}