{"id":216716,"date":"2025-07-10T18:35:00","date_gmt":"2025-07-10T21:35:00","guid":{"rendered":"https:\/\/corrientesdetarde.com\/?p=216716"},"modified":"2025-07-10T18:44:55","modified_gmt":"2025-07-10T21:44:55","slug":"justin-bieber-anuncio-el-estreno-de-su-nuevo-disco-swag","status":"publish","type":"post","link":"https:\/\/corrientesdetarde.com\/index.php\/espectaculos\/justin-bieber-anuncio-el-estreno-de-su-nuevo-disco-swag\/","title":{"rendered":"Justin Bieber anunci\u00f3 el estreno de su nuevo disco &#8220;SWAG&#8221;."},"content":{"rendered":"\n<h2 class=\"wp-block-heading\">El cantante public\u00f3 la lista de 20 canciones que integran el lanzamiento que llega luego de cuatro a\u00f1os.<\/h2>\n\n\n\n<p>Luego de cuatro a\u00f1os sin lanzar m\u00fasica,\u00a0<strong>Justin Bieber\u00a0anunci\u00f3 el estreno de su nuevo \u00e1lbum.<\/strong>\u00a0Sin anticipaci\u00f3n, el cantante mostr\u00f3 las gr\u00e1ficas y la lista de canciones del disco que se podr\u00e1 escuchar a la medianoche.<\/p>\n\n\n\n<p><strong>En un momento de fuerte pol\u00e9mica<\/strong>\u00a0por su vida privada, rumores de separaci\u00f3n con Hailey Bieber, presunciones sobre un posible consumo de drogas problem\u00e1tico y enfrentamientos con la prensa,\u00a0<strong>el artista volvi\u00f3 a la m\u00fasica<\/strong>.<\/p>\n\n\n\n<p>Su nuevo disco&nbsp;<strong>lleva por nombre&nbsp;<\/strong><em><strong>SWAG<\/strong><\/em><strong>&nbsp;y est\u00e1 compuesto por 20 temas<\/strong>, entre los que se destacan t\u00edtulos como \u201cAll I Can Take\u201d, \u201cForgiveness\u201d, \u201cSoulful\u201d y \u201cDaises\u201d.<\/p>\n\n\n\n<figure class=\"wp-block-image\"><img decoding=\"async\" src=\"https:\/\/tn.com.ar\/resizer\/v2\/el-anuncio-de-su-nuevo-disco-fuente-instagramlilbieber-NSI3QENMZBCO3JLRVNEYW3DPLY.png?auth=235e5b3e25bec8433920d16521985d48842414bd747a3eceaf91bdda68c01d25&amp;width=767\" alt=\"El anuncio de su nuevo disco. (Fuente: Instagram\/lilbieber)\"\/><figcaption class=\"wp-element-caption\">El anuncio de su nuevo disco. (Fuente: Instagram\/lilbieber)<\/figcaption><\/figure>\n\n\n\n<p>Desde&nbsp;<em>Deadline<\/em>&nbsp;adelantaron que la nueva placa del m\u00fasico contendr\u00e1&nbsp;<strong>colaboraciones con Gunna, Sexxy Red y Cash Cobain<\/strong>. Y el arte del \u00e1lbum se presenta en blanco y negro.<\/p>\n\n\n\n<p>Por el momento, no se conocen detalles sobre el sucesor de Justice, pero el rapero australiano The Kid Laroi escribi\u00f3 en sus redes sociales: \u201c<strong>Si no escuchan este disco cuando salga, no podemos ser amigos<\/strong>. Perd\u00f3n, yo no hago las reglas\u201d.<\/p>\n\n\n\n<p>El m\u00fasico Mod Sun tambi\u00e9n dio su visto bueno sobre el \u00e1lbum al escribir: \u201cEsto es lo que importa ahora.&nbsp;<strong>Ver lo que Justin Bieber ha hecho durante los \u00faltimos meses ha sido la definici\u00f3n de lo real<\/strong>\u201d.<\/p>\n\n\n\n<p>Recientemente, el cantante de \u201cBaby\u201d<strong>&nbsp;cambi\u00f3 su nombre en Instagram y pas\u00f3 a llamarse Lil Bieber<\/strong>, aunque en su perfil musical a\u00fan se lo puede encontrar como Justin.<\/p>\n\n\n\n<figure class=\"wp-block-image\"><img decoding=\"async\" src=\"https:\/\/tn.com.ar\/resizer\/v2\/la-promocion-de-su-nuevo-disco-fuente-instagramlilbieber-Y5RJ4YFOCFG67NZW3JUTAFVXVE.jpeg?auth=3503876163be948476317094a224776f26f763b70e5abbb2e454c99112d4dfcd&amp;width=767\" alt=\"La promoci\u00f3n de su nuevo disco. (Fuente: Instagram\/lilbieber)\"\/><figcaption class=\"wp-element-caption\">La promoci\u00f3n de su nuevo disco. (Fuente: Instagram\/lilbieber)<\/figcaption><\/figure>\n\n\n\n<p>Como fotos promocionales del nuevo disco, Bieber public\u00f3 im\u00e1genes art\u00edsticas en el que se lo ve en un granero<strong>&nbsp;junto a su esposa, Hailey y su beb\u00e9, Jack Blues.<\/strong><\/p>\n\n\n\n<figure class=\"wp-block-image\"><img decoding=\"async\" src=\"https:\/\/tn.com.ar\/resizer\/v2\/la-promocion-de-su-nuevo-disco-fuente-instagramlilbieber-JS6ID5QIYZEWHN3OLNRN3VZ4JA.jpeg?auth=f55b62d77fb42738bd9497cda4a2aedf158f859cad751315f182d221756fc9d7&amp;width=767\" alt=\"La promoci\u00f3n de su nuevo disco. (Fuente: Instagram\/lilbieber)\"\/><figcaption class=\"wp-element-caption\">La promoci\u00f3n de su nuevo disco. (Fuente: Instagram\/lilbieber)<\/figcaption><\/figure>\n","protected":false},"excerpt":{"rendered":"<p>El cantante public\u00f3 la lista de 20 canciones que integran el lanzamiento que llega luego de cuatro a\u00f1os. Luego de cuatro a\u00f1os sin lanzar m\u00fasica,\u00a0Justin Bieber\u00a0anunci\u00f3 el estreno de su&hellip; <\/p>\n","protected":false},"author":6,"featured_media":216718,"comment_status":"closed","ping_status":"open","sticky":false,"template":"","format":"standard","meta":{"footnotes":""},"categories":[19],"tags":[],"class_list":["post-216716","post","type-post","status-publish","format-standard","has-post-thumbnail","hentry","category-espectaculos"],"_links":{"self":[{"href":"https:\/\/corrientesdetarde.com\/index.php\/wp-json\/wp\/v2\/posts\/216716","targetHints":{"allow":["GET"]}}],"collection":[{"href":"https:\/\/corrientesdetarde.com\/index.php\/wp-json\/wp\/v2\/posts"}],"about":[{"href":"https:\/\/corrientesdetarde.com\/index.php\/wp-json\/wp\/v2\/types\/post"}],"author":[{"embeddable":true,"href":"https:\/\/corrientesdetarde.com\/index.php\/wp-json\/wp\/v2\/users\/6"}],"replies":[{"embeddable":true,"href":"https:\/\/corrientesdetarde.com\/index.php\/wp-json\/wp\/v2\/comments?post=216716"}],"version-history":[{"count":1,"href":"https:\/\/corrientesdetarde.com\/index.php\/wp-json\/wp\/v2\/posts\/216716\/revisions"}],"predecessor-version":[{"id":216719,"href":"https:\/\/corrientesdetarde.com\/index.php\/wp-json\/wp\/v2\/posts\/216716\/revisions\/216719"}],"wp:featuredmedia":[{"embeddable":true,"href":"https:\/\/corrientesdetarde.com\/index.php\/wp-json\/wp\/v2\/media\/216718"}],"wp:attachment":[{"href":"https:\/\/corrientesdetarde.com\/index.php\/wp-json\/wp\/v2\/media?parent=216716"}],"wp:term":[{"taxonomy":"category","embeddable":true,"href":"https:\/\/corrientesdetarde.com\/index.php\/wp-json\/wp\/v2\/categories?post=216716"},{"taxonomy":"post_tag","embeddable":true,"href":"https:\/\/corrientesdetarde.com\/index.php\/wp-json\/wp\/v2\/tags?post=216716"}],"curies":[{"name":"wp","href":"https:\/\/api.w.org\/{rel}","templated":true}]}}