{"id":216717,"date":"2025-07-10T19:00:00","date_gmt":"2025-07-10T22:00:00","guid":{"rendered":"https:\/\/corrientesdetarde.com\/?p=216717"},"modified":"2025-07-10T18:53:01","modified_gmt":"2025-07-10T21:53:01","slug":"reves-judicial-para-mauro-icardi","status":"publish","type":"post","link":"https:\/\/corrientesdetarde.com\/index.php\/espectaculos\/reves-judicial-para-mauro-icardi\/","title":{"rendered":"Rev\u00e9s judicial para Mauro Icardi."},"content":{"rendered":"\n<h2 class=\"wp-block-heading\">El futbolista no podr\u00e1 contactar a los adolescentes. Seg\u00fan lo que trascendi\u00f3, la medida se prolongar\u00e1 por los pr\u00f3ximos 30 d\u00edas.<\/h2>\n\n\n\n<p>Este jueves, la justicia procedi\u00f3 a favor de la solicitud de perimetral impuesta por\u00a0<strong>Maxi L\u00f3pez\u00a0<\/strong>contra<em>\u00a0Mauro Icardi.<\/em>\u00a0Este fallo tiene por objetivo<strong>\u00a0impedir que el de Galatasaray se contacte con los tres hijos del exdeportista y Wanda Nara.<\/strong><\/p>\n\n\n\n<p>El fallo fue emitido por el Juzgado N\u00b0 5 de San Isidro, de acuerdo a la informaci\u00f3n emitida desde el ciclo&nbsp;<em>A la tarde (Am\u00e9rica)<\/em>.<\/p>\n\n\n\n<p>En el documento, se especifica que el novio de la China Su\u00e1rez, tiene prohibici\u00f3n de contacto con los nenes,&nbsp;<strong>\u201cmediante cualquier modalidad incluida la presencial, telef\u00f3nica, internet o vali\u00e9ndose de terceras personas\u201d.<\/strong><\/p>\n","protected":false},"excerpt":{"rendered":"<p>El futbolista no podr\u00e1 contactar a los adolescentes. Seg\u00fan lo que trascendi\u00f3, la medida se prolongar\u00e1 por los pr\u00f3ximos 30 d\u00edas. Este jueves, la justicia procedi\u00f3 a favor de la&hellip; <\/p>\n","protected":false},"author":6,"featured_media":216724,"comment_status":"closed","ping_status":"open","sticky":false,"template":"","format":"standard","meta":{"footnotes":""},"categories":[19],"tags":[],"class_list":["post-216717","post","type-post","status-publish","format-standard","has-post-thumbnail","hentry","category-espectaculos"],"_links":{"self":[{"href":"https:\/\/corrientesdetarde.com\/index.php\/wp-json\/wp\/v2\/posts\/216717","targetHints":{"allow":["GET"]}}],"collection":[{"href":"https:\/\/corrientesdetarde.com\/index.php\/wp-json\/wp\/v2\/posts"}],"about":[{"href":"https:\/\/corrientesdetarde.com\/index.php\/wp-json\/wp\/v2\/types\/post"}],"author":[{"embeddable":true,"href":"https:\/\/corrientesdetarde.com\/index.php\/wp-json\/wp\/v2\/users\/6"}],"replies":[{"embeddable":true,"href":"https:\/\/corrientesdetarde.com\/index.php\/wp-json\/wp\/v2\/comments?post=216717"}],"version-history":[{"count":1,"href":"https:\/\/corrientesdetarde.com\/index.php\/wp-json\/wp\/v2\/posts\/216717\/revisions"}],"predecessor-version":[{"id":216725,"href":"https:\/\/corrientesdetarde.com\/index.php\/wp-json\/wp\/v2\/posts\/216717\/revisions\/216725"}],"wp:featuredmedia":[{"embeddable":true,"href":"https:\/\/corrientesdetarde.com\/index.php\/wp-json\/wp\/v2\/media\/216724"}],"wp:attachment":[{"href":"https:\/\/corrientesdetarde.com\/index.php\/wp-json\/wp\/v2\/media?parent=216717"}],"wp:term":[{"taxonomy":"category","embeddable":true,"href":"https:\/\/corrientesdetarde.com\/index.php\/wp-json\/wp\/v2\/categories?post=216717"},{"taxonomy":"post_tag","embeddable":true,"href":"https:\/\/corrientesdetarde.com\/index.php\/wp-json\/wp\/v2\/tags?post=216717"}],"curies":[{"name":"wp","href":"https:\/\/api.w.org\/{rel}","templated":true}]}}