{"id":216728,"date":"2025-07-11T08:01:38","date_gmt":"2025-07-11T11:01:38","guid":{"rendered":"https:\/\/corrientesdetarde.com\/?p=216728"},"modified":"2025-07-11T08:01:39","modified_gmt":"2025-07-11T11:01:39","slug":"con-aumento-este-lunes-14-comienza-el-pago-de-plus-complementario-a-municipales","status":"publish","type":"post","link":"https:\/\/corrientesdetarde.com\/index.php\/locales\/con-aumento-este-lunes-14-comienza-el-pago-de-plus-complementario-a-municipales\/","title":{"rendered":"Con aumento: este lunes 14 comienza el pago de plus complementario a municipales"},"content":{"rendered":"\n<p>El cronograma se extender\u00e1 hasta el jueves 17, seg\u00fan anunci\u00f3 el intendente Eduardo Tassano a trav\u00e9s de sus redes. Se aplica la suba acordada en paritarias de marzo.<\/p>\n\n\n\n<p>Los trabajadores de planta, contrato y los agentes Neike bancarizados tendr\u00e1n depositado el pago del plus en sus respectivas cuentas bancarias este mismo lunes 14 de julio, dinero al que podr\u00e1n acceder a trav\u00e9s de los cajeros autom\u00e1ticos habilitados.<br>Por su parte, aquellos trabajadores Neike que no est\u00e1n bancarizados deber\u00e1n dirigirse a la Caja Municipal de Pr\u00e9stamos (CMP), en su sede central, ubicada en Brasil 1269. Los pagos se realizan de lunes a viernes, de 7:30 a 12:30 y de 16 a 20.<br>En este caso, el lunes 14 les corresponder\u00e1 cobrar a los trabajadores cuyos DNI terminen en 0, 1 y 2. En tanto que el martes 15, ser\u00e1 el turno de los agentes con DNI finalizados en 3, 4, 5 y 6. Tras el feriado provincial del mi\u00e9rcoles 16 de julio, por el aniversario de la coronaci\u00f3n pontificia de la Virgen de Itat\u00ed, el cronograma finalizar\u00e1 el jueves 17 con documentos que finalicen en 7, 8 y 9.<br>En tanto, los Neike bancarizados pero que no poseen tarjeta de d\u00e9bito, deber\u00e1n cobrar por ventanilla del Banco de Corrientes (sucursal av. Teniente Ib\u00e1\u00f1ez 1826) de acuerdo al cronograma detallado anteriormente y que va del lunes 14 al jueves 17 de julio.<\/p>\n","protected":false},"excerpt":{"rendered":"<p>El cronograma se extender\u00e1 hasta el jueves 17, seg\u00fan anunci\u00f3 el intendente Eduardo Tassano a trav\u00e9s de sus redes. Se aplica la suba acordada en paritarias de marzo. Los trabajadores&hellip; <\/p>\n","protected":false},"author":3,"featured_media":216739,"comment_status":"closed","ping_status":"open","sticky":false,"template":"","format":"standard","meta":{"footnotes":""},"categories":[8],"tags":[],"class_list":["post-216728","post","type-post","status-publish","format-standard","has-post-thumbnail","hentry","category-locales"],"_links":{"self":[{"href":"https:\/\/corrientesdetarde.com\/index.php\/wp-json\/wp\/v2\/posts\/216728","targetHints":{"allow":["GET"]}}],"collection":[{"href":"https:\/\/corrientesdetarde.com\/index.php\/wp-json\/wp\/v2\/posts"}],"about":[{"href":"https:\/\/corrientesdetarde.com\/index.php\/wp-json\/wp\/v2\/types\/post"}],"author":[{"embeddable":true,"href":"https:\/\/corrientesdetarde.com\/index.php\/wp-json\/wp\/v2\/users\/3"}],"replies":[{"embeddable":true,"href":"https:\/\/corrientesdetarde.com\/index.php\/wp-json\/wp\/v2\/comments?post=216728"}],"version-history":[{"count":1,"href":"https:\/\/corrientesdetarde.com\/index.php\/wp-json\/wp\/v2\/posts\/216728\/revisions"}],"predecessor-version":[{"id":216745,"href":"https:\/\/corrientesdetarde.com\/index.php\/wp-json\/wp\/v2\/posts\/216728\/revisions\/216745"}],"wp:featuredmedia":[{"embeddable":true,"href":"https:\/\/corrientesdetarde.com\/index.php\/wp-json\/wp\/v2\/media\/216739"}],"wp:attachment":[{"href":"https:\/\/corrientesdetarde.com\/index.php\/wp-json\/wp\/v2\/media?parent=216728"}],"wp:term":[{"taxonomy":"category","embeddable":true,"href":"https:\/\/corrientesdetarde.com\/index.php\/wp-json\/wp\/v2\/categories?post=216728"},{"taxonomy":"post_tag","embeddable":true,"href":"https:\/\/corrientesdetarde.com\/index.php\/wp-json\/wp\/v2\/tags?post=216728"}],"curies":[{"name":"wp","href":"https:\/\/api.w.org\/{rel}","templated":true}]}}