{"id":216730,"date":"2025-07-11T08:01:40","date_gmt":"2025-07-11T11:01:40","guid":{"rendered":"https:\/\/corrientesdetarde.com\/?p=216730"},"modified":"2025-07-11T08:01:41","modified_gmt":"2025-07-11T11:01:41","slug":"el-gobernador-valdes-recorrio-en-santa-ana-el-inicio-de-la-pavimentacion-de-19-cuadras","status":"publish","type":"post","link":"https:\/\/corrientesdetarde.com\/index.php\/interior\/el-gobernador-valdes-recorrio-en-santa-ana-el-inicio-de-la-pavimentacion-de-19-cuadras\/","title":{"rendered":"El gobernador Vald\u00e9s recorri\u00f3 en Santa Ana el inicio de la pavimentaci\u00f3n de 19 cuadras"},"content":{"rendered":"\n<p>El gobernador Gustavo Vald\u00e9s junto a la intendente, Silvana Almir\u00f3n y el ministro de Obras P\u00fablicas, Claudio Polich recorri\u00f3 las obras urbanas que se llevan adelante en la localidad de Santa Ana con el objetivo de mejorar la transitabilidad en el municipio.<\/p>\n\n\n\n<p>En la oportunidad, el mandatario a trav\u00e9s de sus redes sociales indic\u00f3 que \u201ciniciamos la pavimentaci\u00f3n de 19 cuadras en Santa Ana\u201d resaltando que dicha obra \u201coptimizar\u00e1 la transitabilidad, facilitar\u00e1 el acceso al hospital local y mejorar\u00e1 la calidad de vida de todos los vecinos\u201d.<\/p>\n\n\n\n<p>\u201c\u00a1Seguimos creciendo!\u201d, remarc\u00f3 Vald\u00e9s ante las obras estrat\u00e9gicas.<\/p>\n","protected":false},"excerpt":{"rendered":"<p>El gobernador Gustavo Vald\u00e9s junto a la intendente, Silvana Almir\u00f3n y el ministro de Obras P\u00fablicas, Claudio Polich recorri\u00f3 las obras urbanas que se llevan adelante en la localidad de&hellip; <\/p>\n","protected":false},"author":3,"featured_media":216740,"comment_status":"closed","ping_status":"open","sticky":false,"template":"","format":"standard","meta":{"footnotes":""},"categories":[1658],"tags":[],"class_list":["post-216730","post","type-post","status-publish","format-standard","has-post-thumbnail","hentry","category-interior"],"_links":{"self":[{"href":"https:\/\/corrientesdetarde.com\/index.php\/wp-json\/wp\/v2\/posts\/216730","targetHints":{"allow":["GET"]}}],"collection":[{"href":"https:\/\/corrientesdetarde.com\/index.php\/wp-json\/wp\/v2\/posts"}],"about":[{"href":"https:\/\/corrientesdetarde.com\/index.php\/wp-json\/wp\/v2\/types\/post"}],"author":[{"embeddable":true,"href":"https:\/\/corrientesdetarde.com\/index.php\/wp-json\/wp\/v2\/users\/3"}],"replies":[{"embeddable":true,"href":"https:\/\/corrientesdetarde.com\/index.php\/wp-json\/wp\/v2\/comments?post=216730"}],"version-history":[{"count":1,"href":"https:\/\/corrientesdetarde.com\/index.php\/wp-json\/wp\/v2\/posts\/216730\/revisions"}],"predecessor-version":[{"id":216746,"href":"https:\/\/corrientesdetarde.com\/index.php\/wp-json\/wp\/v2\/posts\/216730\/revisions\/216746"}],"wp:featuredmedia":[{"embeddable":true,"href":"https:\/\/corrientesdetarde.com\/index.php\/wp-json\/wp\/v2\/media\/216740"}],"wp:attachment":[{"href":"https:\/\/corrientesdetarde.com\/index.php\/wp-json\/wp\/v2\/media?parent=216730"}],"wp:term":[{"taxonomy":"category","embeddable":true,"href":"https:\/\/corrientesdetarde.com\/index.php\/wp-json\/wp\/v2\/categories?post=216730"},{"taxonomy":"post_tag","embeddable":true,"href":"https:\/\/corrientesdetarde.com\/index.php\/wp-json\/wp\/v2\/tags?post=216730"}],"curies":[{"name":"wp","href":"https:\/\/api.w.org\/{rel}","templated":true}]}}