{"id":216732,"date":"2025-07-11T08:01:42","date_gmt":"2025-07-11T11:01:42","guid":{"rendered":"https:\/\/corrientesdetarde.com\/?p=216732"},"modified":"2025-07-11T08:01:43","modified_gmt":"2025-07-11T11:01:43","slug":"penas-ferias-maratones-bicicleteadasy-calistenia-para-disfrutar-este-fin-de-semana","status":"publish","type":"post","link":"https:\/\/corrientesdetarde.com\/index.php\/actualidad\/penas-ferias-maratones-bicicleteadasy-calistenia-para-disfrutar-este-fin-de-semana\/","title":{"rendered":"Pe\u00f1as, ferias, maratones, bicicleteadasy calistenia para disfrutar este fin de semana"},"content":{"rendered":"\n<p><em>La Municipalidad de Corrientes diagram\u00f3 una serie de actividades para el disfrute de turistas y vecinos. Todas son totalmente gratuitas y abiertas a todo p\u00fablico. Entre ellas, habr\u00e1 propuestas deportivas, m\u00fasica local y distintas alternativas en el marco de la Feria Provincial del Libro.<\/em><\/p>\n\n\n\n<p>Este fin de semana, como antesala de las vacaciones de invierno, tanto vecinos como visitantes podr\u00e1n disfrutar de distintas actividades propuestas por la Municipalidad de Corrientes. Habr\u00e1 un stand exclusivo en la 15\u00aa Feria Provincial del Libro, maratones barriales, calistenia, bicicleteada, recorridos pedestres guiados y las cl\u00e1sicas ferias y pe\u00f1as.<br><br>El viernes, la tradicional Feria de Artesanos tendr\u00e1 lugar, de 9 a 22, en la plaza Cabral, como siempre con una amplia variedad de creaciones \u00fanicas y productos locales. Mientras que el s\u00e1bado y domingo, en el mismo horario, se trasladar\u00e1 a Costanera Sur y Las Heras, brindando una oportunidad para disfrutar del paseo junto al r\u00edo y descubrir piezas \u00fanicas realizadas por emprendedores locales. Se podr\u00e1n adquirir productos en cuero, madera, tejido, dulces regionales, comidas t\u00edpicas y floricultura.<br><br>Del viernes al domingo, de 14 a 21, un stand municipal formar\u00e1 parte de la 15\u00aa Feria Provincial del Libro con disertaciones, poes\u00eda, juegos para ni\u00f1os y muchas propuestas m\u00e1s en la Galer\u00eda Col\u00f3n y el Colegio Salesiano, ambas con ingreso por calle 9 de Julio.<br><br>El viernes, desde las 14, en el parque de calistenia, ubicado en la playa Arazaty, se llevar\u00e1 adelante una exhibici\u00f3n de este m\u00e9todo de entrenamiento f\u00edsico que emplea el propio peso corporal.&nbsp;<br><br>El s\u00e1bado, a partir de las 15, en la plaza Semhan del barrio Independencia (Fray Ignacio Mar\u00eda Marti y Porta, esquina Cura Brochero) se desarrollar\u00e1 el 4\u00ba Circuito de Maratones Barriales. M\u00e1s de 400 corredores participan por circuitos acompa\u00f1ando a las diferentes categor\u00edas participativas y competitivas. Tambi\u00e9n se suman personas con discapacidad y familias para acompa\u00f1ar la jornada. Este evento deportivo e inclusivo, busca que los vecinos disfruten, se recreen y realicen actividad f\u00edsica al aire libre. &nbsp;<br><br>De 15 a 18, el campeonato de ciclismo dirigido a ni\u00f1os, ni\u00f1as y adolescentes de los distintos barrios populares de la ciudad \u201cCorrientes Pedalea\u201d se llevar\u00e1 adelante en la plaza del barrio Apip\u00e9 (Sicilia y Lamadrid).<br><br>De 18 a 20, se llevar\u00e1 adelante el circuito tur\u00edstico &#8216;Descubr\u00ed Corrientes&#8217;, con un recorrido guiado por la plaza 25 de Mayo y sus alrededores. El punto de encuentro ser\u00e1 el Monumento al Gral. San Mart\u00edn, y la tem\u00e1tica en esta oportunidad ser\u00e1: Historia, patrimonio y tradici\u00f3n. Inscripci\u00f3n:&nbsp;<a href=\"https:\/\/visitcorrientes.tur.ar\/descubri\/\" target=\"_blank\" rel=\"noreferrer noopener\">https:\/\/visitcorrientes.tur.ar\/descubri\/<\/a><br><br>RECORRIDO Y PE\u00d1A<br><br>El domingo se realizar\u00e1 un segundo recorrido en el marco del programa &#8220;Descubr\u00ed Corrientes&#8221;. En este caso, con una visita guiada al cementerio San Juan Bautista, de 18 a 20. La Municipalidad dispondr\u00e1 de un colectivo, con salida desde la iglesia Catedral a las 17.30 (puntual). La tem\u00e1tica a tratar ser\u00e1: &nbsp;mausoleo de personalidades.<br><br>Por \u00faltimo, la cl\u00e1sica Pe\u00f1a Oficial de la Ciudad tendr\u00e1 lugar en la Rotonda Plaza Espa\u00f1a (Av. Pujol y Carlos Pellegrini), desde las 17. En esta oportunidad se subir\u00e1n al escenario el elenco Municipal Selva Guaran\u00ed, los Hermanos Ortiz, Benjam\u00edn y Joaqu\u00edn Morales, Brian Acevedo, Las estrellas del litoral, Ricardo Cenit, Acervo litoral, Faustino Rodr\u00edguez. Habr\u00e1 adem\u00e1s feria gastron\u00f3mica y emprendedores locales.<\/p>\n","protected":false},"excerpt":{"rendered":"<p>La Municipalidad de Corrientes diagram\u00f3 una serie de actividades para el disfrute de turistas y vecinos. Todas son totalmente gratuitas y abiertas a todo p\u00fablico. Entre ellas, habr\u00e1 propuestas deportivas,&hellip; <\/p>\n","protected":false},"author":3,"featured_media":216741,"comment_status":"closed","ping_status":"open","sticky":false,"template":"","format":"standard","meta":{"footnotes":""},"categories":[23],"tags":[],"class_list":["post-216732","post","type-post","status-publish","format-standard","has-post-thumbnail","hentry","category-actualidad"],"_links":{"self":[{"href":"https:\/\/corrientesdetarde.com\/index.php\/wp-json\/wp\/v2\/posts\/216732","targetHints":{"allow":["GET"]}}],"collection":[{"href":"https:\/\/corrientesdetarde.com\/index.php\/wp-json\/wp\/v2\/posts"}],"about":[{"href":"https:\/\/corrientesdetarde.com\/index.php\/wp-json\/wp\/v2\/types\/post"}],"author":[{"embeddable":true,"href":"https:\/\/corrientesdetarde.com\/index.php\/wp-json\/wp\/v2\/users\/3"}],"replies":[{"embeddable":true,"href":"https:\/\/corrientesdetarde.com\/index.php\/wp-json\/wp\/v2\/comments?post=216732"}],"version-history":[{"count":1,"href":"https:\/\/corrientesdetarde.com\/index.php\/wp-json\/wp\/v2\/posts\/216732\/revisions"}],"predecessor-version":[{"id":216747,"href":"https:\/\/corrientesdetarde.com\/index.php\/wp-json\/wp\/v2\/posts\/216732\/revisions\/216747"}],"wp:featuredmedia":[{"embeddable":true,"href":"https:\/\/corrientesdetarde.com\/index.php\/wp-json\/wp\/v2\/media\/216741"}],"wp:attachment":[{"href":"https:\/\/corrientesdetarde.com\/index.php\/wp-json\/wp\/v2\/media?parent=216732"}],"wp:term":[{"taxonomy":"category","embeddable":true,"href":"https:\/\/corrientesdetarde.com\/index.php\/wp-json\/wp\/v2\/categories?post=216732"},{"taxonomy":"post_tag","embeddable":true,"href":"https:\/\/corrientesdetarde.com\/index.php\/wp-json\/wp\/v2\/tags?post=216732"}],"curies":[{"name":"wp","href":"https:\/\/api.w.org\/{rel}","templated":true}]}}