{"id":216734,"date":"2025-07-11T08:01:44","date_gmt":"2025-07-11T11:01:44","guid":{"rendered":"https:\/\/corrientesdetarde.com\/?p=216734"},"modified":"2025-07-11T08:01:45","modified_gmt":"2025-07-11T11:01:45","slug":"valdes-transmitio-sus-condolencias-por-el-fallecimiento-del-ex-intendente-de-goya-daniel-avalos","status":"publish","type":"post","link":"https:\/\/corrientesdetarde.com\/index.php\/informacion-general\/valdes-transmitio-sus-condolencias-por-el-fallecimiento-del-ex-intendente-de-goya-daniel-avalos\/","title":{"rendered":"Vald\u00e9s transmiti\u00f3 sus condolencias por el fallecimiento del ex intendente de Goya, Daniel \u00c1valos"},"content":{"rendered":"\n<p>El gobernador Gustavo Vald\u00e9s expres\u00f3 este jueves sus condolencias por la muerte de Daniel \u00c1valos, quien fue intendente de la ciudad de Goya. A trav\u00e9s de sus redes sociales, envi\u00f3 un mensaje de apoyo a sus familiares, amigos y colaboradores. \u201cMi abrazo ante su triste p\u00e9rdida. Que en paz descanse\u201d, manifest\u00f3 el Mandatario.<\/p>\n","protected":false},"excerpt":{"rendered":"<p>El gobernador Gustavo Vald\u00e9s expres\u00f3 este jueves sus condolencias por la muerte de Daniel \u00c1valos, quien fue intendente de la ciudad de Goya. A trav\u00e9s de sus redes sociales, envi\u00f3&hellip; <\/p>\n","protected":false},"author":3,"featured_media":216742,"comment_status":"closed","ping_status":"open","sticky":false,"template":"","format":"standard","meta":{"footnotes":""},"categories":[1],"tags":[],"class_list":["post-216734","post","type-post","status-publish","format-standard","has-post-thumbnail","hentry","category-informacion-general"],"_links":{"self":[{"href":"https:\/\/corrientesdetarde.com\/index.php\/wp-json\/wp\/v2\/posts\/216734","targetHints":{"allow":["GET"]}}],"collection":[{"href":"https:\/\/corrientesdetarde.com\/index.php\/wp-json\/wp\/v2\/posts"}],"about":[{"href":"https:\/\/corrientesdetarde.com\/index.php\/wp-json\/wp\/v2\/types\/post"}],"author":[{"embeddable":true,"href":"https:\/\/corrientesdetarde.com\/index.php\/wp-json\/wp\/v2\/users\/3"}],"replies":[{"embeddable":true,"href":"https:\/\/corrientesdetarde.com\/index.php\/wp-json\/wp\/v2\/comments?post=216734"}],"version-history":[{"count":1,"href":"https:\/\/corrientesdetarde.com\/index.php\/wp-json\/wp\/v2\/posts\/216734\/revisions"}],"predecessor-version":[{"id":216748,"href":"https:\/\/corrientesdetarde.com\/index.php\/wp-json\/wp\/v2\/posts\/216734\/revisions\/216748"}],"wp:featuredmedia":[{"embeddable":true,"href":"https:\/\/corrientesdetarde.com\/index.php\/wp-json\/wp\/v2\/media\/216742"}],"wp:attachment":[{"href":"https:\/\/corrientesdetarde.com\/index.php\/wp-json\/wp\/v2\/media?parent=216734"}],"wp:term":[{"taxonomy":"category","embeddable":true,"href":"https:\/\/corrientesdetarde.com\/index.php\/wp-json\/wp\/v2\/categories?post=216734"},{"taxonomy":"post_tag","embeddable":true,"href":"https:\/\/corrientesdetarde.com\/index.php\/wp-json\/wp\/v2\/tags?post=216734"}],"curies":[{"name":"wp","href":"https:\/\/api.w.org\/{rel}","templated":true}]}}