{"id":216750,"date":"2025-07-11T08:14:36","date_gmt":"2025-07-11T11:14:36","guid":{"rendered":"https:\/\/corrientesdetarde.com\/?p=216750"},"modified":"2025-07-11T22:13:34","modified_gmt":"2025-07-12T01:13:34","slug":"san-lorenzo-visita-a-talleres-en-el-arranque-del-clausura-2025","status":"publish","type":"post","link":"https:\/\/corrientesdetarde.com\/index.php\/deportes\/san-lorenzo-visita-a-talleres-en-el-arranque-del-clausura-2025\/","title":{"rendered":"SAN LORENZO VISITA A TALLERES EN EL ARRANQUE DEL CLAUSURA 2025"},"content":{"rendered":"\n<h2 class=\"wp-block-heading\">El f\u00fatbol argentino de primera divisi\u00f3n abre sus talones nuevamente tras un mes y medio de receso.<\/h2>\n\n\n\n<p><strong>Por Nicol\u00e1s Reif<\/strong><\/p>\n\n\n\n<p>El Clausura 2025 de la Liga Profesional del f\u00fatbol nacional dar\u00e1 inicio este viernes con dos encuentros.<\/p>\n\n\n\n<p>En primer turno, desde las 15.30, por TNT Sports, Aldosivi recibir\u00e1 en Mar del Plata al siempre complicado Central C\u00f3rdoba de Omar De Felippe<\/p>\n\n\n\n<figure class=\"wp-block-embed is-type-video is-provider-youtube wp-block-embed-youtube wp-embed-aspect-16-9 wp-has-aspect-ratio\"><div class=\"wp-block-embed__wrapper\">\n<iframe loading=\"lazy\" title=\"Arranca la Copa de la Liga modo Torneo Clausura, con muchos cambios respecto del Apertura\" width=\"1110\" height=\"624\" src=\"https:\/\/www.youtube.com\/embed\/VYGyszYL84o?feature=oembed\" frameborder=\"0\" allow=\"accelerometer; autoplay; clipboard-write; encrypted-media; gyroscope; picture-in-picture; web-share\" referrerpolicy=\"strict-origin-when-cross-origin\" allowfullscreen><\/iframe>\n<\/div><\/figure>\n\n\n\n<p>Posteriormente, a partir de las 20 horas, por ESPN PREMIUM, Talleres de C\u00f3rdoba y San Lorenzo de Almagro se medir\u00e1n en el Estadio Mario Alberto Kempes. Luego de lo que fue un p\u00e1rate traum\u00e1tico en el cual perdi\u00f3 a su DT y a uno de sus emblemas como Malcom Braida, el equipo de Boedo intentar\u00e1 iniciar con el pie derecho un nuevo certamen ante una T que sufri\u00f3 la repentina salida de Diego Cocca (alegando falta de refuerzos). El conjunto cordob\u00e9s ser\u00e1 dirigido en su lugar por Carlos Tevez.<\/p>\n","protected":false},"excerpt":{"rendered":"<p>El f\u00fatbol argentino de primera divisi\u00f3n abre sus talones nuevamente tras un mes y medio de receso. Por Nicol\u00e1s Reif El Clausura 2025 de la Liga Profesional del f\u00fatbol nacional&hellip; <\/p>\n","protected":false},"author":11,"featured_media":216766,"comment_status":"closed","ping_status":"open","sticky":false,"template":"","format":"standard","meta":{"footnotes":""},"categories":[4],"tags":[],"class_list":["post-216750","post","type-post","status-publish","format-standard","has-post-thumbnail","hentry","category-deportes"],"_links":{"self":[{"href":"https:\/\/corrientesdetarde.com\/index.php\/wp-json\/wp\/v2\/posts\/216750","targetHints":{"allow":["GET"]}}],"collection":[{"href":"https:\/\/corrientesdetarde.com\/index.php\/wp-json\/wp\/v2\/posts"}],"about":[{"href":"https:\/\/corrientesdetarde.com\/index.php\/wp-json\/wp\/v2\/types\/post"}],"author":[{"embeddable":true,"href":"https:\/\/corrientesdetarde.com\/index.php\/wp-json\/wp\/v2\/users\/11"}],"replies":[{"embeddable":true,"href":"https:\/\/corrientesdetarde.com\/index.php\/wp-json\/wp\/v2\/comments?post=216750"}],"version-history":[{"count":3,"href":"https:\/\/corrientesdetarde.com\/index.php\/wp-json\/wp\/v2\/posts\/216750\/revisions"}],"predecessor-version":[{"id":216884,"href":"https:\/\/corrientesdetarde.com\/index.php\/wp-json\/wp\/v2\/posts\/216750\/revisions\/216884"}],"wp:featuredmedia":[{"embeddable":true,"href":"https:\/\/corrientesdetarde.com\/index.php\/wp-json\/wp\/v2\/media\/216766"}],"wp:attachment":[{"href":"https:\/\/corrientesdetarde.com\/index.php\/wp-json\/wp\/v2\/media?parent=216750"}],"wp:term":[{"taxonomy":"category","embeddable":true,"href":"https:\/\/corrientesdetarde.com\/index.php\/wp-json\/wp\/v2\/categories?post=216750"},{"taxonomy":"post_tag","embeddable":true,"href":"https:\/\/corrientesdetarde.com\/index.php\/wp-json\/wp\/v2\/tags?post=216750"}],"curies":[{"name":"wp","href":"https:\/\/api.w.org\/{rel}","templated":true}]}}