{"id":216813,"date":"2025-07-11T16:35:00","date_gmt":"2025-07-11T19:35:00","guid":{"rendered":"https:\/\/corrientesdetarde.com\/?p=216813"},"modified":"2025-07-11T16:49:27","modified_gmt":"2025-07-11T19:49:27","slug":"hallaron-a-la-joven-de-18-anos-que-estaba-desaparecida","status":"publish","type":"post","link":"https:\/\/corrientesdetarde.com\/index.php\/policiales\/hallaron-a-la-joven-de-18-anos-que-estaba-desaparecida\/","title":{"rendered":"Hallaron a la joven de 18 a\u00f1os que estaba desaparecida."},"content":{"rendered":"\n<h2 class=\"wp-block-heading\">Desde Jefatura de polic\u00eda informaron que hallaron sana y salva a la joven de 18 a\u00f1os L. M. G. Al respecto, en la comisar\u00eda de la Mujer y el Menor, continuaron con las diligencias del caso, con conocimiento de las autoridades judiciales intervinientes.<\/h2>\n\n\n\n<p>&#8220;Por medio de esta gacetilla policial se agradece la colaboraci\u00f3n de la b\u00fasqueda de la joven de 18 a\u00f1os, M.G.L&nbsp; Oportunamente se requiri\u00f3 la ayuda de la comunidad a fin de ubicarla ante el pedido de localizaci\u00f3n por parte de autoridades policiales de la localidad de Bella Vista.<\/p>\n\n\n\n<p>La chica fue localizada sana y salva por efectivos de la Polic\u00eda de Corrientes,&nbsp; comisaria de la Mujer y el Menor de Bella Vista, tras una intensa labor de b\u00fasqueda y rastrillaje, en el \u00e1mbito de esa ciudad y de cuya situaci\u00f3n ya tom\u00f3 conocimiento el denunciante.<\/p>\n\n\n\n<p>Al respecto, en la citada dependencia continuaron con las diligencias del caso, con conocimiento de las autoridades judiciales intervinientes.<\/p>\n","protected":false},"excerpt":{"rendered":"<p>Desde Jefatura de polic\u00eda informaron que hallaron sana y salva a la joven de 18 a\u00f1os L. M. G. Al respecto, en la comisar\u00eda de la Mujer y el Menor,&hellip; <\/p>\n","protected":false},"author":6,"featured_media":216816,"comment_status":"closed","ping_status":"open","sticky":false,"template":"","format":"standard","meta":{"footnotes":""},"categories":[33],"tags":[],"class_list":["post-216813","post","type-post","status-publish","format-standard","has-post-thumbnail","hentry","category-policiales"],"_links":{"self":[{"href":"https:\/\/corrientesdetarde.com\/index.php\/wp-json\/wp\/v2\/posts\/216813","targetHints":{"allow":["GET"]}}],"collection":[{"href":"https:\/\/corrientesdetarde.com\/index.php\/wp-json\/wp\/v2\/posts"}],"about":[{"href":"https:\/\/corrientesdetarde.com\/index.php\/wp-json\/wp\/v2\/types\/post"}],"author":[{"embeddable":true,"href":"https:\/\/corrientesdetarde.com\/index.php\/wp-json\/wp\/v2\/users\/6"}],"replies":[{"embeddable":true,"href":"https:\/\/corrientesdetarde.com\/index.php\/wp-json\/wp\/v2\/comments?post=216813"}],"version-history":[{"count":1,"href":"https:\/\/corrientesdetarde.com\/index.php\/wp-json\/wp\/v2\/posts\/216813\/revisions"}],"predecessor-version":[{"id":216818,"href":"https:\/\/corrientesdetarde.com\/index.php\/wp-json\/wp\/v2\/posts\/216813\/revisions\/216818"}],"wp:featuredmedia":[{"embeddable":true,"href":"https:\/\/corrientesdetarde.com\/index.php\/wp-json\/wp\/v2\/media\/216816"}],"wp:attachment":[{"href":"https:\/\/corrientesdetarde.com\/index.php\/wp-json\/wp\/v2\/media?parent=216813"}],"wp:term":[{"taxonomy":"category","embeddable":true,"href":"https:\/\/corrientesdetarde.com\/index.php\/wp-json\/wp\/v2\/categories?post=216813"},{"taxonomy":"post_tag","embeddable":true,"href":"https:\/\/corrientesdetarde.com\/index.php\/wp-json\/wp\/v2\/tags?post=216813"}],"curies":[{"name":"wp","href":"https:\/\/api.w.org\/{rel}","templated":true}]}}